{"id":100161,"date":"2023-10-25T09:40:59","date_gmt":"2023-10-25T12:40:59","guid":{"rendered":"https:\/\/juris.antaq.gov.br\/?p=100161"},"modified":"2023-10-25T09:40:59","modified_gmt":"2023-10-25T12:40:59","slug":"ac-554-2023","status":"publish","type":"post","link":"https:\/\/juris.antaq.gov.br\/index.php\/2023\/10\/25\/ac-554-2023\/","title":{"rendered":"AC-554-2023"},"content":{"rendered":"<p style=\"text-align: justify;\">AC\u00d3RD\u00c3O N\u00ba 554\/2023-ANTAQ<\/p>\n<p style=\"text-align: justify;\">\n1. Processo: 50300.011737\/2023-46<br \/>\n2. Interessado: Associa\u00e7\u00e3o Brasileira dos Armadores de Cabotagem (ABAC)<br \/>\n3. Relator: Lima Filho<br \/>\n4. Unidade T\u00e9cnica: Superintend\u00eancia de Regula\u00e7\u00e3o<br \/>\n5. Ac\u00f3rd\u00e3o:<br \/>\nVISTOS, relatados e discutidos os presentes autos, que tratam do referendo da decis\u00e3o consubstanciada na <a href=\"https:\/\/pesquisa.in.gov.br\/imprensa\/jsp\/visualiza\/index.jsp?data=16\/10\/2023&amp;jornal=515&amp;pagina=98\">Delibera\u00e7\u00e3o-DG n\u00ba 79\/2023<\/a> (SEI n\u00ba 2056948) que, autorizou, em car\u00e1ter excepcional e tempor\u00e1rio, o afretamento por tempo determinado para a navega\u00e7\u00e3o de cabotagem de todos os tipos de carga, limitando-se exclusivamente \u00e0s embarca\u00e7\u00f5es que operem na regi\u00e3o Norte do pa\u00eds, a fim de que sejam atenuados os impactos decorrentes do per\u00edodo de seca na Amaz\u00f4nia,<br \/>\nACORDAM os Diretores da Ag\u00eancia Nacional de Transportes Aquavi\u00e1rios, reunidos para a Reuni\u00e3o Ordin\u00e1ria de Diretoria Colegiada de n\u00ba 553, ante as raz\u00f5es expostas pelo Relator, em:<br \/>\n5.1. referendar a decis\u00e3o consubstanciada na <a href=\"https:\/\/pesquisa.in.gov.br\/imprensa\/jsp\/visualiza\/index.jsp?data=16\/10\/2023&amp;jornal=515&amp;pagina=98\">Delibera\u00e7\u00e3o-DG n\u00ba 79\/2023<\/a>, publicada no Di\u00e1rio Oficial da Uni\u00e3o de 16 de outubro de 2023; e<br \/>\n5.2. cientificar a Associa\u00e7\u00e3o Brasileira dos Armadores de Cabotagem acerca da presente decis\u00e3o.<br \/>\n6. Data da Reuni\u00e3o: 16 a 18\/10\/2023 &#8211; Virtual.<br \/>\n7. Especifica\u00e7\u00e3o do qu\u00f3rum:<br \/>\n7.1. Diretores presentes: Eduardo Nery (Presidente), Fl\u00e1via Takafashi, Lima Filho (Relator), Alber Vasconcelos e Caio Farias.<br \/>\nEDUARDO NERY MACHADO FILHO<br \/>\nDiretor-Geral<br \/>\nPublicado no\u00a0<a href=\"https:\/\/pesquisa.in.gov.br\/imprensa\/jsp\/visualiza\/index.jsp?data=24\/10\/2023&amp;jornal=515&amp;pagina=97&amp;totalArquivos=208\">DOU de 24.10.2023, se\u00e7\u00e3o I<\/a><\/p>\n","protected":false},"excerpt":{"rendered":"<p>AC\u00d3RD\u00c3O N\u00ba 554\/2023-ANTAQ 1. Processo: 50300.011737\/2023-46 2. Interessado: Associa\u00e7\u00e3o Brasileira dos Armadores de Cabotagem (ABAC) 3. Relator: Lima Filho 4. Unidade T\u00e9cnica: Superintend\u00eancia de Regula\u00e7\u00e3o 5. Ac\u00f3rd\u00e3o: VISTOS, relatados e discutidos os presentes autos, que tratam do referendo da decis\u00e3o consubstanciada na Delibera\u00e7\u00e3o-DG n\u00ba 79\/2023 (SEI n\u00ba 2056948) que, autorizou, em car\u00e1ter excepcional e tempor\u00e1rio,&nbsp;&hellip;<\/p>\n","protected":false},"author":11,"featured_media":0,"comment_status":"open","ping_status":"open","sticky":false,"template":"","format":"standard","meta":[],"categories":[42007,39357],"tags":[44075,44116,44215,17905,44214,42150,1103],"_links":{"self":[{"href":"https:\/\/juris.antaq.gov.br\/index.php\/wp-json\/wp\/v2\/posts\/100161"}],"collection":[{"href":"https:\/\/juris.antaq.gov.br\/index.php\/wp-json\/wp\/v2\/posts"}],"about":[{"href":"https:\/\/juris.antaq.gov.br\/index.php\/wp-json\/wp\/v2\/types\/post"}],"author":[{"embeddable":true,"href":"https:\/\/juris.antaq.gov.br\/index.php\/wp-json\/wp\/v2\/users\/11"}],"replies":[{"embeddable":true,"href":"https:\/\/juris.antaq.gov.br\/index.php\/wp-json\/wp\/v2\/comments?post=100161"}],"version-history":[{"count":1,"href":"https:\/\/juris.antaq.gov.br\/index.php\/wp-json\/wp\/v2\/posts\/100161\/revisions"}],"predecessor-version":[{"id":100162,"href":"https:\/\/juris.antaq.gov.br\/index.php\/wp-json\/wp\/v2\/posts\/100161\/revisions\/100162"}],"wp:attachment":[{"href":"https:\/\/juris.antaq.gov.br\/index.php\/wp-json\/wp\/v2\/media?parent=100161"}],"wp:term":[{"taxonomy":"category","embeddable":true,"href":"https:\/\/juris.antaq.gov.br\/index.php\/wp-json\/wp\/v2\/categories?post=100161"},{"taxonomy":"post_tag","embeddable":true,"href":"https:\/\/juris.antaq.gov.br\/index.php\/wp-json\/wp\/v2\/tags?post=100161"}],"curies":[{"name":"wp","href":"https:\/\/api.w.org\/{rel}","templated":true}]}}