{"id":100168,"date":"2023-10-25T10:30:40","date_gmt":"2023-10-25T13:30:40","guid":{"rendered":"https:\/\/juris.antaq.gov.br\/?p=100168"},"modified":"2023-10-25T10:31:38","modified_gmt":"2023-10-25T13:31:38","slug":"ac-557-2023","status":"publish","type":"post","link":"https:\/\/juris.antaq.gov.br\/index.php\/2023\/10\/25\/ac-557-2023\/","title":{"rendered":"AC-557-2023"},"content":{"rendered":"<p style=\"text-align: justify;\">AC\u00d3RD\u00c3O N\u00ba 557\/2023-ANTAQ<\/p>\n<p style=\"text-align: justify;\">1. Processo: 50300.011084\/2017-57<br \/>\n2. Interessado: Ag\u00eancia Nacional de Transportes Aquavi\u00e1rios<br \/>\n3. Relator: Eduardo Nery<br \/>\n4. Unidade T\u00e9cnica: Comiss\u00e3o Permanente de Licita\u00e7\u00e3o de Arrendamentos Portu\u00e1rios da A N T AQ<br \/>\n5. Ac\u00f3rd\u00e3o:<br \/>\nVISTOS, relatados e discutidos os presentes autos, que tratam da composi\u00e7\u00e3o da Comiss\u00e3o Permanente de Licita\u00e7\u00e3o de Arrendamentos Portu\u00e1rios da ANTAQ,<br \/>\nACORDAM os Diretores da Ag\u00eancia Nacional de Transportes Aquavi\u00e1rios, reunidos para a Reuni\u00e3o Ordin\u00e1ria de Diretoria Colegiada de n\u00ba 553, ante as raz\u00f5es expostas pelo Relator, em referendar a Portaria de Pessoal DG n\u00ba 33\/2023 (SEI n\u00ba 2056075).<br \/>\n6. Data da Reuni\u00e3o: 16 a 18\/10\/2023 &#8211; Virtual.<br \/>\n7. Especifica\u00e7\u00e3o do qu\u00f3rum:<br \/>\n7.1. Diretores presentes: Eduardo Nery (Presidente e Relator), Fl\u00e1via Takafashi, Lima Filho, Alber Vasconcelos e Caio Farias.<br \/>\nEDUARDO NERY MACHADO FILHO<br \/>\nDiretor-Geral<br \/>\nPublicado no\u00a0<a href=\"https:\/\/pesquisa.in.gov.br\/imprensa\/jsp\/visualiza\/index.jsp?data=24\/10\/2023&amp;jornal=515&amp;pagina=98&amp;totalArquivos=208\">DOU de 24.10.2023, se\u00e7\u00e3o I<\/a><\/p>\n","protected":false},"excerpt":{"rendered":"<p>AC\u00d3RD\u00c3O N\u00ba 557\/2023-ANTAQ 1. Processo: 50300.011084\/2017-57 2. Interessado: Ag\u00eancia Nacional de Transportes Aquavi\u00e1rios 3. Relator: Eduardo Nery 4. Unidade T\u00e9cnica: Comiss\u00e3o Permanente de Licita\u00e7\u00e3o de Arrendamentos Portu\u00e1rios da A N T AQ 5. Ac\u00f3rd\u00e3o: VISTOS, relatados e discutidos os presentes autos, que tratam da composi\u00e7\u00e3o da Comiss\u00e3o Permanente de Licita\u00e7\u00e3o de Arrendamentos Portu\u00e1rios da ANTAQ,&nbsp;&hellip;<\/p>\n","protected":false},"author":11,"featured_media":0,"comment_status":"open","ping_status":"open","sticky":false,"template":"","format":"standard","meta":[],"categories":[42007,39357],"tags":[3948,44116,44222,140,3505,17236],"_links":{"self":[{"href":"https:\/\/juris.antaq.gov.br\/index.php\/wp-json\/wp\/v2\/posts\/100168"}],"collection":[{"href":"https:\/\/juris.antaq.gov.br\/index.php\/wp-json\/wp\/v2\/posts"}],"about":[{"href":"https:\/\/juris.antaq.gov.br\/index.php\/wp-json\/wp\/v2\/types\/post"}],"author":[{"embeddable":true,"href":"https:\/\/juris.antaq.gov.br\/index.php\/wp-json\/wp\/v2\/users\/11"}],"replies":[{"embeddable":true,"href":"https:\/\/juris.antaq.gov.br\/index.php\/wp-json\/wp\/v2\/comments?post=100168"}],"version-history":[{"count":2,"href":"https:\/\/juris.antaq.gov.br\/index.php\/wp-json\/wp\/v2\/posts\/100168\/revisions"}],"predecessor-version":[{"id":100170,"href":"https:\/\/juris.antaq.gov.br\/index.php\/wp-json\/wp\/v2\/posts\/100168\/revisions\/100170"}],"wp:attachment":[{"href":"https:\/\/juris.antaq.gov.br\/index.php\/wp-json\/wp\/v2\/media?parent=100168"}],"wp:term":[{"taxonomy":"category","embeddable":true,"href":"https:\/\/juris.antaq.gov.br\/index.php\/wp-json\/wp\/v2\/categories?post=100168"},{"taxonomy":"post_tag","embeddable":true,"href":"https:\/\/juris.antaq.gov.br\/index.php\/wp-json\/wp\/v2\/tags?post=100168"}],"curies":[{"name":"wp","href":"https:\/\/api.w.org\/{rel}","templated":true}]}}