{"id":100257,"date":"2023-10-27T08:45:02","date_gmt":"2023-10-27T11:45:02","guid":{"rendered":"https:\/\/juris.antaq.gov.br\/?p=100257"},"modified":"2023-10-27T08:45:02","modified_gmt":"2023-10-27T11:45:02","slug":"ementa-ac-556-2023","status":"publish","type":"post","link":"https:\/\/juris.antaq.gov.br\/index.php\/2023\/10\/27\/ementa-ac-556-2023\/","title":{"rendered":"Ementa AC-556-2023"},"content":{"rendered":"<p style=\"text-align: justify;\">EMENTA DE AC\u00d3RD\u00c3O<\/p>\n<p style=\"text-align: justify;\">\nACORDO DE COOPERA\u00c7\u00c3O T\u00c9CNICA DAS AG\u00caNCIAS REGULADORAS COM AS SECRETARIAS DE FAZENDA, RECEITA, ECONOMIA, FINAN\u00c7AS OU TRIBUTA\u00c7\u00c3O DOS ESTADOS E DO DISTRITO FEDERAL, VISANDO O COMPARTILHAMENTO DE INFORMA\u00c7\u00d5ES ENTRE AS INSTITUI\u00c7\u00d5ES. APROVA\u00c7\u00c3O.<\/p>\n<p style=\"text-align: justify;\">\nData da Reuni\u00e3o: 16 a 18\/10\/2023 &#8211; Virtual.<br \/>\nN\u00famero da Reuni\u00e3o: 553<br \/>\nN\u00famero do ac\u00f3rd\u00e3o: <a href=\"https:\/\/juris.antaq.gov.br\/index.php\/2023\/10\/25\/ac-556-2023\/\">556-2023<\/a><br \/>\nDiretores presentes: Eduardo Nery (Presidente e Relator), Fl\u00e1via Takafashi, Lima Filho, Alber Vasconcelos e Caio Farias.<\/p>\n<p style=\"text-align: justify;\">\n(assinado eletronicamente)<\/p>\n<p style=\"text-align: justify;\">\nEDUARDO NERY MACHADO FILHO<br \/>\nDiretor-Geral<\/p>\n<p style=\"text-align: justify;\"><a href=\"https:\/\/sophia.antaq.gov.br\/Terminal\/acervo\/detalhe\/34793?guid=1698407023197&amp;returnUrl=%2fTerminal%2fresultado%2flistar%3fguid%3d1698407023197%26quantidadePaginas%3d1%26codigoRegistro%3d34793%2334793&amp;i=5\">Acesso ao Ac\u00f3rd\u00e3o e PDF<\/a><\/p>\n","protected":false},"excerpt":{"rendered":"<p>EMENTA DE AC\u00d3RD\u00c3O ACORDO DE COOPERA\u00c7\u00c3O T\u00c9CNICA DAS AG\u00caNCIAS REGULADORAS COM AS SECRETARIAS DE FAZENDA, RECEITA, ECONOMIA, FINAN\u00c7AS OU TRIBUTA\u00c7\u00c3O DOS ESTADOS E DO DISTRITO FEDERAL, VISANDO O COMPARTILHAMENTO DE INFORMA\u00c7\u00d5ES ENTRE AS INSTITUI\u00c7\u00d5ES. APROVA\u00c7\u00c3O. Data da Reuni\u00e3o: 16 a 18\/10\/2023 &#8211; Virtual. N\u00famero da Reuni\u00e3o: 553 N\u00famero do ac\u00f3rd\u00e3o: 556-2023 Diretores presentes: Eduardo Nery&nbsp;&hellip;<\/p>\n","protected":false},"author":11,"featured_media":0,"comment_status":"open","ping_status":"open","sticky":false,"template":"","format":"standard","meta":[],"categories":[42008],"tags":[44116,44220,18513,17236],"_links":{"self":[{"href":"https:\/\/juris.antaq.gov.br\/index.php\/wp-json\/wp\/v2\/posts\/100257"}],"collection":[{"href":"https:\/\/juris.antaq.gov.br\/index.php\/wp-json\/wp\/v2\/posts"}],"about":[{"href":"https:\/\/juris.antaq.gov.br\/index.php\/wp-json\/wp\/v2\/types\/post"}],"author":[{"embeddable":true,"href":"https:\/\/juris.antaq.gov.br\/index.php\/wp-json\/wp\/v2\/users\/11"}],"replies":[{"embeddable":true,"href":"https:\/\/juris.antaq.gov.br\/index.php\/wp-json\/wp\/v2\/comments?post=100257"}],"version-history":[{"count":1,"href":"https:\/\/juris.antaq.gov.br\/index.php\/wp-json\/wp\/v2\/posts\/100257\/revisions"}],"predecessor-version":[{"id":100258,"href":"https:\/\/juris.antaq.gov.br\/index.php\/wp-json\/wp\/v2\/posts\/100257\/revisions\/100258"}],"wp:attachment":[{"href":"https:\/\/juris.antaq.gov.br\/index.php\/wp-json\/wp\/v2\/media?parent=100257"}],"wp:term":[{"taxonomy":"category","embeddable":true,"href":"https:\/\/juris.antaq.gov.br\/index.php\/wp-json\/wp\/v2\/categories?post=100257"},{"taxonomy":"post_tag","embeddable":true,"href":"https:\/\/juris.antaq.gov.br\/index.php\/wp-json\/wp\/v2\/tags?post=100257"}],"curies":[{"name":"wp","href":"https:\/\/api.w.org\/{rel}","templated":true}]}}