{"id":100433,"date":"2023-10-31T16:42:03","date_gmt":"2023-10-31T19:42:03","guid":{"rendered":"https:\/\/juris.antaq.gov.br\/?p=100433"},"modified":"2023-11-06T09:03:33","modified_gmt":"2023-11-06T12:03:33","slug":"ementa-ac-581-2023","status":"publish","type":"post","link":"https:\/\/juris.antaq.gov.br\/index.php\/2023\/10\/31\/ementa-ac-581-2023\/","title":{"rendered":"Ementa AC-581-2023"},"content":{"rendered":"<p style=\"text-align: justify;\">EMENTA DE AC\u00d3RD\u00c3O<\/p>\n<p style=\"text-align: justify;\">CONSULTA. POSSIBILIDADE DE CONCESS\u00c3O DE PRIORIDADE DE ATRACA\u00c7\u00c3O A EMBARCA\u00c7\u00d5ES DESTINADAS A PORTO ORGANIZADO PARA OPERA\u00c7\u00c3O DE DESCARGA DE COMBUST\u00cdVEIS L\u00cdQUIDOS. PODER DE GEST\u00c3O DAS AUTORIDADES PORTU\u00c1RIAS SOBRE O FLUXO DE EMBARCA\u00c7\u00d5ES E SOBRE A ORDEM DE ATRACA\u00c7\u00c3O, SEM NECESSIDADE DE INTERVENI\u00caNCIA DA AG\u00caNCIA REGULADORA<\/p>\n<p style=\"text-align: justify;\">Data da Reuni\u00e3o: 26\/10\/2023 &#8211; Telepresencial.<br \/>\nN\u00famero da Reuni\u00e3o: 554<br \/>\nN\u00famero do ac\u00f3rd\u00e3o:<a href=\"https:\/\/juris.antaq.gov.br\/index.php\/2023\/10\/30\/ac-581-2023\/\"> 581-2023<\/a><br \/>\nDiretores presentes: Eduardo Nery (Presidente), Fl\u00e1via Takafashi (Relatora), Lima Filho, Alber Vasconcelos e Caio Farias.<\/p>\n<p style=\"text-align: justify;\">(assinado eletronicamente)<\/p>\n<p style=\"text-align: justify;\">EDUARDO NERY MACHADO FILHO<br \/>\nDiretor-Geral<\/p>\n<p style=\"text-align: justify;\"><a href=\"https:\/\/sophia.antaq.gov.br\/Terminal\/acervo\/detalhe\/34911?guid=1699272197299&amp;returnUrl=%2fTerminal%2fresultado%2flistar%3fguid%3d1699272197299%26quantidadePaginas%3d1%26codigoRegistro%3d34911%2334911&amp;i=14\">Acesso ao Ac\u00f3rd\u00e3o e PDF<\/a><\/p>\n","protected":false},"excerpt":{"rendered":"<p>EMENTA DE AC\u00d3RD\u00c3O CONSULTA. POSSIBILIDADE DE CONCESS\u00c3O DE PRIORIDADE DE ATRACA\u00c7\u00c3O A EMBARCA\u00c7\u00d5ES DESTINADAS A PORTO ORGANIZADO PARA OPERA\u00c7\u00c3O DE DESCARGA DE COMBUST\u00cdVEIS L\u00cdQUIDOS. PODER DE GEST\u00c3O DAS AUTORIDADES PORTU\u00c1RIAS SOBRE O FLUXO DE EMBARCA\u00c7\u00d5ES E SOBRE A ORDEM DE ATRACA\u00c7\u00c3O, SEM NECESSIDADE DE INTERVENI\u00caNCIA DA AG\u00caNCIA REGULADORA Data da Reuni\u00e3o: 26\/10\/2023 &#8211; Telepresencial. N\u00famero&nbsp;&hellip;<\/p>\n","protected":false},"author":11,"featured_media":0,"comment_status":"open","ping_status":"open","sticky":false,"template":"","format":"standard","meta":[],"categories":[42008],"tags":[44282,44362,3802,44378,36999],"_links":{"self":[{"href":"https:\/\/juris.antaq.gov.br\/index.php\/wp-json\/wp\/v2\/posts\/100433"}],"collection":[{"href":"https:\/\/juris.antaq.gov.br\/index.php\/wp-json\/wp\/v2\/posts"}],"about":[{"href":"https:\/\/juris.antaq.gov.br\/index.php\/wp-json\/wp\/v2\/types\/post"}],"author":[{"embeddable":true,"href":"https:\/\/juris.antaq.gov.br\/index.php\/wp-json\/wp\/v2\/users\/11"}],"replies":[{"embeddable":true,"href":"https:\/\/juris.antaq.gov.br\/index.php\/wp-json\/wp\/v2\/comments?post=100433"}],"version-history":[{"count":4,"href":"https:\/\/juris.antaq.gov.br\/index.php\/wp-json\/wp\/v2\/posts\/100433\/revisions"}],"predecessor-version":[{"id":100541,"href":"https:\/\/juris.antaq.gov.br\/index.php\/wp-json\/wp\/v2\/posts\/100433\/revisions\/100541"}],"wp:attachment":[{"href":"https:\/\/juris.antaq.gov.br\/index.php\/wp-json\/wp\/v2\/media?parent=100433"}],"wp:term":[{"taxonomy":"category","embeddable":true,"href":"https:\/\/juris.antaq.gov.br\/index.php\/wp-json\/wp\/v2\/categories?post=100433"},{"taxonomy":"post_tag","embeddable":true,"href":"https:\/\/juris.antaq.gov.br\/index.php\/wp-json\/wp\/v2\/tags?post=100433"}],"curies":[{"name":"wp","href":"https:\/\/api.w.org\/{rel}","templated":true}]}}