{"id":102237,"date":"2024-03-15T16:19:09","date_gmt":"2024-03-15T19:19:09","guid":{"rendered":"https:\/\/juris.antaq.gov.br\/?p=102237"},"modified":"2024-03-15T16:19:09","modified_gmt":"2024-03-15T19:19:09","slug":"ac-127-2024","status":"publish","type":"post","link":"https:\/\/juris.antaq.gov.br\/index.php\/2024\/03\/15\/ac-127-2024\/","title":{"rendered":"AC-127-2024"},"content":{"rendered":"<p style=\"text-align: justify;\">AC\u00d3RD\u00c3O N\u00ba 127\/2024-ANTAQ<\/p>\n<p style=\"text-align: justify;\">\n1.Processo: 50300.014811\/2022-03<br \/>\n2.Interessado: Autoridade Portu\u00e1ria de Santos S.A.<br \/>\n3.Relatora: Fl\u00e1via Takafashi<br \/>\n3.1.Revisor: Alber Vasconcelos<br \/>\n4.Unidade T\u00e9cnica: Comiss\u00e3o Permanente de Licita\u00e7\u00e3o de Concess\u00f5es e Arrendamentos<br \/>\n5.Ac\u00f3rd\u00e3o:<br \/>\nVISTOS, relatados e discutidos os presentes autos que tratam de processo licitat\u00f3rio de arrendamento portu\u00e1rio, em terminal dedicado \u00e0 movimenta\u00e7\u00e3o e armazenagem de carga geral, de projeto ou conteinerizada, em \u00e1rea localizada no Porto Organizado de Santos\/SP, denominada STS33,<br \/>\nACORDAM os Diretores da Ag\u00eancia Nacional de Transportes Aquavi\u00e1rios, em reuni\u00e3o da Diretoria Colegiada, reunidos para a Reuni\u00e3o Ordin\u00e1ria de Diretoria Colegiada de n\u00ba 560, ante as raz\u00f5es expostas pelo Revisor, em:<br \/>\n5.1.encaminhar c\u00f3pia integral dos presentes autos \u00e0 Autoridade Portu\u00e1ria de Santos S.A. e informar que, caso deseje seguir com o procedimento licitat\u00f3rio para a \u00e1rea STS33, dever\u00e1 ser seguido o rito previsto no Conv\u00eanio de Delega\u00e7\u00e3o de Compet\u00eancias n\u00ba 001\/2023;<br \/>\n5.2.comunicar \u00e0 Autoridade Portu\u00e1ria de Santos S.A. que esta Ag\u00eancia Reguladora n\u00e3o aprova a realiza\u00e7\u00e3o de procedimento licitat\u00f3rio simplificado para a \u00e1rea denominada STS33 nos moldes da modelagem constante nos autos, eis que:<br \/>\n5.2.1.a valora\u00e7\u00e3o da \u00e1rea seguindo os pressupostos dos terminais localizados no cluster portu\u00e1rio do Porto de Santos n\u00e3o se amoldam ao STS33, que se encontra em \u00e1rea residencial da cidade de Santos;<br \/>\n5.3.recomendar \u00e0 Autoridade Portu\u00e1ria de Santos S.A. que, caso deseje seguir com o procedimento licitat\u00f3rio para a \u00e1rea STS33, a modelagem para seu arrendamento tenha como ponto de partida o limite inferior do valor imobili\u00e1rio observado para a regi\u00e3o em que se situa, conforme citado no Voto 2145062;<br \/>\n5.4.apontar a necessidade de ajustes nos documentos t\u00e9cnicos de que trata o subitem anterior em raz\u00e3o das compet\u00eancias institu\u00eddas por for\u00e7a da celebra\u00e7\u00e3o do Conv\u00eanio de Delega\u00e7\u00e3o;<br \/>\n5.5.assentar a necessidade de ajustes nos documentos do estudo da licita\u00e7\u00e3o com vistas a:<br \/>\n5.5.1.alterar as men\u00e7\u00f5es \u00e0 <a href=\"http:\/\/pesquisa.in.gov.br\/imprensa\/jsp\/visualiza\/index.jsp?data=22\/06\/2020&amp;jornal=515&amp;pagina=62&amp;totalArquivos=181\">Resolu\u00e7\u00e3o ANTAQ n\u00ba 7.821\/2020<\/a>, em raz\u00e3o de sua revoga\u00e7\u00e3o pela\u00a0<a href=\"https:\/\/pesquisa.in.gov.br\/imprensa\/jsp\/visualiza\/index.jsp?data=22\/08\/2022&amp;jornal=515&amp;pagina=187&amp;totalArquivos=295\">Resolu\u00e7\u00e3o-ANTAQ n\u00ba 85\/2022<\/a>;<br \/>\n5.5.2.promover a padroniza\u00e7\u00e3o relativa \u00e0 destina\u00e7\u00e3o da \u00e1rea, qual seja, carga geral, de projeto ou conteinerizada, conforme apresentado no documento intitulado &#8220;Estudo Se\u00e7\u00e3o A Apresenta\u00e7\u00e3o &#8211; SSZ33E&#8221;;<br \/>\n5.6.acautelar a Autoridade Portu\u00e1ria de Santos sobre a necessidade de enfrentar as quest\u00f5es relativas \u00e0 restri\u00e7\u00e3o da ocupa\u00e7\u00e3o da \u00e1rea em quest\u00e3o imposta pela legisla\u00e7\u00e3o municipal vigente; e<br \/>\n5.7.cientificar a Autoridade Portu\u00e1ria de Santos S.A. e o Minist\u00e9rio de Portos e Aeroportos acerca do presente entendimento.<br \/>\n6.Data da Reuni\u00e3o: 07\/03\/2024 &#8211; Telepresencial.<br \/>\n7.Especifica\u00e7\u00e3o do qu\u00f3rum:<br \/>\n7.1.Diretores presentes: Eduardo Nery (Presidente), Fl\u00e1via Takafashi (Relatora), Lima Filho, Alber Vasconcelos (Revisor) e Caio Farias.<br \/>\n7.2.Diretores com voto vencido: Fl\u00e1via Takafashi e Lima Filho.<br \/>\nEDUARDO NERY MACHADO FILHO<br \/>\nDiretor-Geral<br \/>\n<a href=\"https:\/\/pesquisa.in.gov.br\/imprensa\/jsp\/visualiza\/index.jsp?data=14\/03\/2024&amp;jornal=515&amp;pagina=64&amp;totalArquivos=113\">Publicada no DOU de 14.03.2024, se\u00e7\u00e3o I<\/a><\/p>\n","protected":false},"excerpt":{"rendered":"<p>AC\u00d3RD\u00c3O N\u00ba 127\/2024-ANTAQ 1.Processo: 50300.014811\/2022-03 2.Interessado: Autoridade Portu\u00e1ria de Santos S.A. 3.Relatora: Fl\u00e1via Takafashi 3.1.Revisor: Alber Vasconcelos 4.Unidade T\u00e9cnica: Comiss\u00e3o Permanente de Licita\u00e7\u00e3o de Concess\u00f5es e Arrendamentos 5.Ac\u00f3rd\u00e3o: VISTOS, relatados e discutidos os presentes autos que tratam de processo licitat\u00f3rio de arrendamento portu\u00e1rio, em terminal dedicado \u00e0 movimenta\u00e7\u00e3o e armazenagem de carga geral, de projeto&nbsp;&hellip;<\/p>\n","protected":false},"author":11,"featured_media":0,"comment_status":"open","ping_status":"open","sticky":false,"template":"","format":"standard","meta":[],"categories":[44733,39357],"tags":[45506,45321,45505,44334,4547,44318,36999,44307,45507,45508],"_links":{"self":[{"href":"https:\/\/juris.antaq.gov.br\/index.php\/wp-json\/wp\/v2\/posts\/102237"}],"collection":[{"href":"https:\/\/juris.antaq.gov.br\/index.php\/wp-json\/wp\/v2\/posts"}],"about":[{"href":"https:\/\/juris.antaq.gov.br\/index.php\/wp-json\/wp\/v2\/types\/post"}],"author":[{"embeddable":true,"href":"https:\/\/juris.antaq.gov.br\/index.php\/wp-json\/wp\/v2\/users\/11"}],"replies":[{"embeddable":true,"href":"https:\/\/juris.antaq.gov.br\/index.php\/wp-json\/wp\/v2\/comments?post=102237"}],"version-history":[{"count":1,"href":"https:\/\/juris.antaq.gov.br\/index.php\/wp-json\/wp\/v2\/posts\/102237\/revisions"}],"predecessor-version":[{"id":102238,"href":"https:\/\/juris.antaq.gov.br\/index.php\/wp-json\/wp\/v2\/posts\/102237\/revisions\/102238"}],"wp:attachment":[{"href":"https:\/\/juris.antaq.gov.br\/index.php\/wp-json\/wp\/v2\/media?parent=102237"}],"wp:term":[{"taxonomy":"category","embeddable":true,"href":"https:\/\/juris.antaq.gov.br\/index.php\/wp-json\/wp\/v2\/categories?post=102237"},{"taxonomy":"post_tag","embeddable":true,"href":"https:\/\/juris.antaq.gov.br\/index.php\/wp-json\/wp\/v2\/tags?post=102237"}],"curies":[{"name":"wp","href":"https:\/\/api.w.org\/{rel}","templated":true}]}}