{"id":102394,"date":"2024-03-19T11:07:15","date_gmt":"2024-03-19T14:07:15","guid":{"rendered":"https:\/\/juris.antaq.gov.br\/?p=102394"},"modified":"2024-03-19T11:07:15","modified_gmt":"2024-03-19T14:07:15","slug":"ementa-ac-123-2024","status":"publish","type":"post","link":"https:\/\/juris.antaq.gov.br\/index.php\/2024\/03\/19\/ementa-ac-123-2024\/","title":{"rendered":"Ementa AC-123-2024"},"content":{"rendered":"<p style=\"text-align: justify;\">EMENTA DE AC\u00d3RD\u00c3O<\/p>\n<p style=\"text-align: justify;\">\nPROPOSTA DE NOVO PLANO DE TRABALHO. CONV\u00caNIO DE COOPERA\u00c7\u00c3O T\u00c9CNICA E DELEGA\u00c7\u00c3O DE COMPET\u00caNCIAS CELEBRADO ENTRE A AG\u00caNCIA NACIONAL DE TRANSPORTES AQUAVI\u00c1RIOS &#8211; ANTAQ E A AG\u00caNCIA NACIONAL DE TRANSPORTES TERRESTRES &#8211; ANTT. A\u00c7\u00d5ES A SEREM EMPREENDIDAS PARA A INTEGRA\u00c7\u00c3O ENTRE OS DOIS \u00d3RG\u00c3OS VISANDO \u00c0 FISCALIZA\u00c7\u00c3O DA FERROVIA INTERNA DO PORTO DE SANTOS &#8211; FIPS. APROVA\u00c7\u00c3O.<\/p>\n<p style=\"text-align: justify;\">\nData da Reuni\u00e3o: 07\/03\/2024 &#8211; Telepresencial.<br \/>\nN\u00famero da Reuni\u00e3o: 560<br \/>\nN\u00famero do ac\u00f3rd\u00e3o:<a href=\"https:\/\/juris.antaq.gov.br\/index.php\/2024\/03\/15\/ac-123-2024\/\"> 123-2024<\/a><br \/>\nDiretores presentes: Eduardo Nery (Presidente e Relator), Fl\u00e1via Takafashi, Alber Vasconcelos e Caio Farias.<\/p>\n<p style=\"text-align: justify;\">\n(assinado eletronicamente)<\/p>\n<p style=\"text-align: justify;\">\nEDUARDO NERY MACHADO FILHO<br \/>\nDiretor-Geral<\/p>\n<p style=\"text-align: justify;\"><a href=\"https:\/\/sophia.antaq.gov.br\/Terminal\/acervo\/detalhe\/35849?guid=1710857122274&amp;returnUrl=%2fTerminal%2fresultado%2flistar%3fguid%3d1710857122274%26quantidadePaginas%3d1%26codigoRegistro%3d35849%2335849&amp;i=12\">Acesso ao Ac\u00f3rd\u00e3o e PDF<\/a><\/p>\n","protected":false},"excerpt":{"rendered":"<p>EMENTA DE AC\u00d3RD\u00c3O PROPOSTA DE NOVO PLANO DE TRABALHO. CONV\u00caNIO DE COOPERA\u00c7\u00c3O T\u00c9CNICA E DELEGA\u00c7\u00c3O DE COMPET\u00caNCIAS CELEBRADO ENTRE A AG\u00caNCIA NACIONAL DE TRANSPORTES AQUAVI\u00c1RIOS &#8211; ANTAQ E A AG\u00caNCIA NACIONAL DE TRANSPORTES TERRESTRES &#8211; ANTT. A\u00c7\u00d5ES A SEREM EMPREENDIDAS PARA A INTEGRA\u00c7\u00c3O ENTRE OS DOIS \u00d3RG\u00c3OS VISANDO \u00c0 FISCALIZA\u00c7\u00c3O DA FERROVIA INTERNA DO PORTO&nbsp;&hellip;<\/p>\n","protected":false},"author":11,"featured_media":0,"comment_status":"open","ping_status":"open","sticky":false,"template":"","format":"standard","meta":[],"categories":[44736],"tags":[45321,45497,17236,45550],"_links":{"self":[{"href":"https:\/\/juris.antaq.gov.br\/index.php\/wp-json\/wp\/v2\/posts\/102394"}],"collection":[{"href":"https:\/\/juris.antaq.gov.br\/index.php\/wp-json\/wp\/v2\/posts"}],"about":[{"href":"https:\/\/juris.antaq.gov.br\/index.php\/wp-json\/wp\/v2\/types\/post"}],"author":[{"embeddable":true,"href":"https:\/\/juris.antaq.gov.br\/index.php\/wp-json\/wp\/v2\/users\/11"}],"replies":[{"embeddable":true,"href":"https:\/\/juris.antaq.gov.br\/index.php\/wp-json\/wp\/v2\/comments?post=102394"}],"version-history":[{"count":1,"href":"https:\/\/juris.antaq.gov.br\/index.php\/wp-json\/wp\/v2\/posts\/102394\/revisions"}],"predecessor-version":[{"id":102395,"href":"https:\/\/juris.antaq.gov.br\/index.php\/wp-json\/wp\/v2\/posts\/102394\/revisions\/102395"}],"wp:attachment":[{"href":"https:\/\/juris.antaq.gov.br\/index.php\/wp-json\/wp\/v2\/media?parent=102394"}],"wp:term":[{"taxonomy":"category","embeddable":true,"href":"https:\/\/juris.antaq.gov.br\/index.php\/wp-json\/wp\/v2\/categories?post=102394"},{"taxonomy":"post_tag","embeddable":true,"href":"https:\/\/juris.antaq.gov.br\/index.php\/wp-json\/wp\/v2\/tags?post=102394"}],"curies":[{"name":"wp","href":"https:\/\/api.w.org\/{rel}","templated":true}]}}