{"id":102403,"date":"2024-03-19T11:20:34","date_gmt":"2024-03-19T14:20:34","guid":{"rendered":"https:\/\/juris.antaq.gov.br\/?p=102403"},"modified":"2024-03-19T11:20:34","modified_gmt":"2024-03-19T14:20:34","slug":"ementa-ac-127-2024","status":"publish","type":"post","link":"https:\/\/juris.antaq.gov.br\/index.php\/2024\/03\/19\/ementa-ac-127-2024\/","title":{"rendered":"Ementa AC-127-2024"},"content":{"rendered":"<p style=\"text-align: justify;\">EMENTA DE AC\u00d3RD\u00c3O<\/p>\n<p style=\"text-align: justify;\">\nLICITA\u00c7\u00c3O DE ARRENDAMENTOS. ARRENDAMENTO SIMPLIFICADO. TERMINAL DEDICADO \u00c0 MOVIMENTA\u00c7\u00c3O E ARMAZENAGEM DE CARGA GERAL, DE PROJETO OU CONTEINERIZADA. CONV\u00caNIO DE DELEGA\u00c7\u00c3O. MODELAGEM N\u00c3O APROVADA. N\u00c3O APROVA\u00c7\u00c3O DA REALIZA\u00c7\u00c3O DO PROCEDIMENTO LICITAT\u00d3RIO SIMPLIFICADO NOS MOLDES DA MODELAGEM APRESENTADA. RECOMENDA\u00c7\u00c3O DE REVIS\u00c3O PELA DELEGAT\u00c1RIA.<\/p>\n<p style=\"text-align: justify;\">\nData da Reuni\u00e3o: 07\/03\/2024 &#8211; Telepresencial.<br \/>\nN\u00famero da Reuni\u00e3o: 560<br \/>\nN\u00famero do ac\u00f3rd\u00e3o: <a href=\"https:\/\/juris.antaq.gov.br\/index.php\/2024\/03\/15\/ac-127-2024\/\">127-2024<\/a><br \/>\nDiretores presentes: Eduardo Nery (Presidente), Fl\u00e1via Takafashi (Relatora), Lima Filho, Alber Vasconcelos (Revisor) e Caio Farias.<br \/>\nDiretores com voto vencido: Fl\u00e1via Takafashi e Lima Filho.<\/p>\n<p style=\"text-align: justify;\">\n(assinado eletronicamente)<\/p>\n<p style=\"text-align: justify;\">\nEDUARDO NERY MACHADO FILHO<br \/>\nDiretor-Geral<\/p>\n<p style=\"text-align: justify;\"><a href=\"https:\/\/sophia.antaq.gov.br\/Terminal\/acervo\/detalhe\/35853?guid=1710857937262&amp;returnUrl=%2fTerminal%2fresultado%2flistar%3fguid%3d1710857937262%26quantidadePaginas%3d1%26codigoRegistro%3d35853%2335853&amp;i=10\">Acesso ao Ac\u00f3rd\u00e3o e PDF<\/a><\/p>\n","protected":false},"excerpt":{"rendered":"<p>EMENTA DE AC\u00d3RD\u00c3O LICITA\u00c7\u00c3O DE ARRENDAMENTOS. ARRENDAMENTO SIMPLIFICADO. TERMINAL DEDICADO \u00c0 MOVIMENTA\u00c7\u00c3O E ARMAZENAGEM DE CARGA GERAL, DE PROJETO OU CONTEINERIZADA. CONV\u00caNIO DE DELEGA\u00c7\u00c3O. MODELAGEM N\u00c3O APROVADA. N\u00c3O APROVA\u00c7\u00c3O DA REALIZA\u00c7\u00c3O DO PROCEDIMENTO LICITAT\u00d3RIO SIMPLIFICADO NOS MOLDES DA MODELAGEM APRESENTADA. RECOMENDA\u00c7\u00c3O DE REVIS\u00c3O PELA DELEGAT\u00c1RIA. Data da Reuni\u00e3o: 07\/03\/2024 &#8211; Telepresencial. N\u00famero da Reuni\u00e3o: 560&nbsp;&hellip;<\/p>\n","protected":false},"author":11,"featured_media":0,"comment_status":"open","ping_status":"open","sticky":false,"template":"","format":"standard","meta":[],"categories":[44736],"tags":[45321,45505,36999,44547],"_links":{"self":[{"href":"https:\/\/juris.antaq.gov.br\/index.php\/wp-json\/wp\/v2\/posts\/102403"}],"collection":[{"href":"https:\/\/juris.antaq.gov.br\/index.php\/wp-json\/wp\/v2\/posts"}],"about":[{"href":"https:\/\/juris.antaq.gov.br\/index.php\/wp-json\/wp\/v2\/types\/post"}],"author":[{"embeddable":true,"href":"https:\/\/juris.antaq.gov.br\/index.php\/wp-json\/wp\/v2\/users\/11"}],"replies":[{"embeddable":true,"href":"https:\/\/juris.antaq.gov.br\/index.php\/wp-json\/wp\/v2\/comments?post=102403"}],"version-history":[{"count":1,"href":"https:\/\/juris.antaq.gov.br\/index.php\/wp-json\/wp\/v2\/posts\/102403\/revisions"}],"predecessor-version":[{"id":102404,"href":"https:\/\/juris.antaq.gov.br\/index.php\/wp-json\/wp\/v2\/posts\/102403\/revisions\/102404"}],"wp:attachment":[{"href":"https:\/\/juris.antaq.gov.br\/index.php\/wp-json\/wp\/v2\/media?parent=102403"}],"wp:term":[{"taxonomy":"category","embeddable":true,"href":"https:\/\/juris.antaq.gov.br\/index.php\/wp-json\/wp\/v2\/categories?post=102403"},{"taxonomy":"post_tag","embeddable":true,"href":"https:\/\/juris.antaq.gov.br\/index.php\/wp-json\/wp\/v2\/tags?post=102403"}],"curies":[{"name":"wp","href":"https:\/\/api.w.org\/{rel}","templated":true}]}}