{"id":105417,"date":"2024-09-30T09:33:18","date_gmt":"2024-09-30T12:33:18","guid":{"rendered":"https:\/\/juris.antaq.gov.br\/?p=105417"},"modified":"2024-09-30T09:34:18","modified_gmt":"2024-09-30T12:34:18","slug":"ementa-ac-565-2024","status":"publish","type":"post","link":"https:\/\/juris.antaq.gov.br\/index.php\/2024\/09\/30\/ementa-ac-565-2024\/","title":{"rendered":"Ementa AC-565-2024"},"content":{"rendered":"<p style=\"text-align: justify;\">EMENTA DE AC\u00d3RD\u00c3O<\/p>\n<p style=\"text-align: justify;\">ARBITRAGEM ADMINISTRATIVA DE CONFLITOS. COBRAN\u00c7A DE TARIFAS DE INFRAESTRUTURA TERRESTRE PARA PASSAGEIROS. HOMOLOGA\u00c7\u00c3O DE ACORDO CELEBRADO EM MEDIA\u00c7\u00c3O. OBSERV\u00c2NCIA DOS PROCEDIMENTOS PREVISTOS NA <a href=\"https:\/\/pesquisa.in.gov.br\/imprensa\/jsp\/visualiza\/index.jsp?data=01\/06\/2023&amp;jornal=515&amp;pagina=44&amp;totalArquivos=64\">RESOLU\u00c7\u00c3O ANTAQ N\u00ba 98\/2023<\/a>,.<\/p>\n<p style=\"text-align: justify;\">Data da Reuni\u00e3o: 19\/09\/2024 &#8211; Telepresencial.<br \/>\nN\u00famero da Reuni\u00e3o: 572<br \/>\nN\u00famero do ac\u00f3rd\u00e3o: <a href=\"https:\/\/juris.antaq.gov.br\/index.php\/2024\/09\/25\/ac-565-2024\/\">565-2024<\/a><br \/>\nDiretores presentes: Eduardo Nery (Presidente), Fl\u00e1via Takafashi, Lima Filho, Alber Vasconcelos e Caio Farias (Relator).<\/p>\n<p style=\"text-align: justify;\">(assinado eletronicamente)<\/p>\n<p style=\"text-align: justify;\">EDUARDO NERY MACHADO FILHO<br \/>\nDiretor-Geral<\/p>\n<p style=\"text-align: justify;\"><a href=\"https:\/\/sophia.antaq.gov.br\/Terminal\/acervo\/detalhe\/37434?guid=1727699469473&amp;returnUrl=%2fTerminal%2fresultado%2flistar%3fguid%3d1727699469473%26quantidadePaginas%3d1%26codigoRegistro%3d37434%2337434&amp;i=1\">Acesso ao Ac\u00f3rd\u00e3o e PDF<\/a><\/p>\n","protected":false},"excerpt":{"rendered":"<p>EMENTA DE AC\u00d3RD\u00c3O ARBITRAGEM ADMINISTRATIVA DE CONFLITOS. COBRAN\u00c7A DE TARIFAS DE INFRAESTRUTURA TERRESTRE PARA PASSAGEIROS. HOMOLOGA\u00c7\u00c3O DE ACORDO CELEBRADO EM MEDIA\u00c7\u00c3O. OBSERV\u00c2NCIA DOS PROCEDIMENTOS PREVISTOS NA RESOLU\u00c7\u00c3O ANTAQ N\u00ba 98\/2023,. Data da Reuni\u00e3o: 19\/09\/2024 &#8211; Telepresencial. N\u00famero da Reuni\u00e3o: 572 N\u00famero do ac\u00f3rd\u00e3o: 565-2024 Diretores presentes: Eduardo Nery (Presidente), Fl\u00e1via Takafashi, Lima Filho, Alber Vasconcelos&nbsp;&hellip;<\/p>\n","protected":false},"author":11,"featured_media":0,"comment_status":"open","ping_status":"open","sticky":false,"template":"","format":"standard","meta":[],"categories":[44736],"tags":[47358,47379,47459,42160,46526],"_links":{"self":[{"href":"https:\/\/juris.antaq.gov.br\/index.php\/wp-json\/wp\/v2\/posts\/105417"}],"collection":[{"href":"https:\/\/juris.antaq.gov.br\/index.php\/wp-json\/wp\/v2\/posts"}],"about":[{"href":"https:\/\/juris.antaq.gov.br\/index.php\/wp-json\/wp\/v2\/types\/post"}],"author":[{"embeddable":true,"href":"https:\/\/juris.antaq.gov.br\/index.php\/wp-json\/wp\/v2\/users\/11"}],"replies":[{"embeddable":true,"href":"https:\/\/juris.antaq.gov.br\/index.php\/wp-json\/wp\/v2\/comments?post=105417"}],"version-history":[{"count":2,"href":"https:\/\/juris.antaq.gov.br\/index.php\/wp-json\/wp\/v2\/posts\/105417\/revisions"}],"predecessor-version":[{"id":105419,"href":"https:\/\/juris.antaq.gov.br\/index.php\/wp-json\/wp\/v2\/posts\/105417\/revisions\/105419"}],"wp:attachment":[{"href":"https:\/\/juris.antaq.gov.br\/index.php\/wp-json\/wp\/v2\/media?parent=105417"}],"wp:term":[{"taxonomy":"category","embeddable":true,"href":"https:\/\/juris.antaq.gov.br\/index.php\/wp-json\/wp\/v2\/categories?post=105417"},{"taxonomy":"post_tag","embeddable":true,"href":"https:\/\/juris.antaq.gov.br\/index.php\/wp-json\/wp\/v2\/tags?post=105417"}],"curies":[{"name":"wp","href":"https:\/\/api.w.org\/{rel}","templated":true}]}}