{"id":105422,"date":"2024-09-30T09:42:09","date_gmt":"2024-09-30T12:42:09","guid":{"rendered":"https:\/\/juris.antaq.gov.br\/?p=105422"},"modified":"2024-09-30T09:42:09","modified_gmt":"2024-09-30T12:42:09","slug":"ementa-ac-567-2024","status":"publish","type":"post","link":"https:\/\/juris.antaq.gov.br\/index.php\/2024\/09\/30\/ementa-ac-567-2024\/","title":{"rendered":"Ementa AC-567-2024"},"content":{"rendered":"<p style=\"text-align: justify;\">EMENTA DE AC\u00d3RD\u00c3O<\/p>\n<p style=\"text-align: justify;\">\nACOMPANHAMENTO DE TERMO DE AJUSTE DE CONDUTA (TAC). SOLICITA\u00c7\u00c3O DE PRORROGA\u00c7\u00c3O DO PRAZO DE VIG\u00caNCIA. CUMPRIMENTO DOS REQUISITOS ESTABELECIDOS PARA PRORROGA\u00c7\u00c3O. VENCIMENTO DO TAC NO DECURSO DA AN\u00c1LISE. IMPOSSIBILIDADE DE PRORROGA\u00c7\u00c3O DE AJUSTE VENCIDO. APROVA\u00c7\u00c3O DE NOVA PROPOSTA DE TAC.<\/p>\n<p style=\"text-align: justify;\">\nData da Reuni\u00e3o: 19\/09\/2024 &#8211; Telepresencial.<br \/>\nN\u00famero da Reuni\u00e3o: 572<br \/>\nN\u00famero do ac\u00f3rd\u00e3o: <a href=\"https:\/\/juris.antaq.gov.br\/index.php\/2024\/09\/25\/ac-567-2024\/\">567-2024<\/a><br \/>\nDiretores presentes: Eduardo Nery (Presidente), Fl\u00e1via Takafashi, Lima Filho, Alber Vasconcelos e Caio Farias (Relator).<\/p>\n<p style=\"text-align: justify;\">\n(assinado eletronicamente)<\/p>\n<p style=\"text-align: justify;\">\nEDUARDO NERY MACHADO FILHO<br \/>\nDiretor-Geral<\/p>\n<p style=\"text-align: justify;\"><a href=\"https:\/\/sophia.antaq.gov.br\/Terminal\/acervo\/detalhe\/37436?guid=1727700037977&amp;returnUrl=%2fTerminal%2fresultado%2flistar%3fguid%3d1727700037977%26quantidadePaginas%3d1%26codigoRegistro%3d37436%2337436&amp;i=1\">Acesso ao Ac\u00f3rd\u00e3o e PDF<\/a><\/p>\n","protected":false},"excerpt":{"rendered":"<p>EMENTA DE AC\u00d3RD\u00c3O ACOMPANHAMENTO DE TERMO DE AJUSTE DE CONDUTA (TAC). SOLICITA\u00c7\u00c3O DE PRORROGA\u00c7\u00c3O DO PRAZO DE VIG\u00caNCIA. CUMPRIMENTO DOS REQUISITOS ESTABELECIDOS PARA PRORROGA\u00c7\u00c3O. VENCIMENTO DO TAC NO DECURSO DA AN\u00c1LISE. IMPOSSIBILIDADE DE PRORROGA\u00c7\u00c3O DE AJUSTE VENCIDO. APROVA\u00c7\u00c3O DE NOVA PROPOSTA DE TAC. Data da Reuni\u00e3o: 19\/09\/2024 &#8211; Telepresencial. N\u00famero da Reuni\u00e3o: 572 N\u00famero do&nbsp;&hellip;<\/p>\n","protected":false},"author":11,"featured_media":0,"comment_status":"open","ping_status":"open","sticky":false,"template":"","format":"standard","meta":[],"categories":[44736],"tags":[47358,47385,42160],"_links":{"self":[{"href":"https:\/\/juris.antaq.gov.br\/index.php\/wp-json\/wp\/v2\/posts\/105422"}],"collection":[{"href":"https:\/\/juris.antaq.gov.br\/index.php\/wp-json\/wp\/v2\/posts"}],"about":[{"href":"https:\/\/juris.antaq.gov.br\/index.php\/wp-json\/wp\/v2\/types\/post"}],"author":[{"embeddable":true,"href":"https:\/\/juris.antaq.gov.br\/index.php\/wp-json\/wp\/v2\/users\/11"}],"replies":[{"embeddable":true,"href":"https:\/\/juris.antaq.gov.br\/index.php\/wp-json\/wp\/v2\/comments?post=105422"}],"version-history":[{"count":1,"href":"https:\/\/juris.antaq.gov.br\/index.php\/wp-json\/wp\/v2\/posts\/105422\/revisions"}],"predecessor-version":[{"id":105423,"href":"https:\/\/juris.antaq.gov.br\/index.php\/wp-json\/wp\/v2\/posts\/105422\/revisions\/105423"}],"wp:attachment":[{"href":"https:\/\/juris.antaq.gov.br\/index.php\/wp-json\/wp\/v2\/media?parent=105422"}],"wp:term":[{"taxonomy":"category","embeddable":true,"href":"https:\/\/juris.antaq.gov.br\/index.php\/wp-json\/wp\/v2\/categories?post=105422"},{"taxonomy":"post_tag","embeddable":true,"href":"https:\/\/juris.antaq.gov.br\/index.php\/wp-json\/wp\/v2\/tags?post=105422"}],"curies":[{"name":"wp","href":"https:\/\/api.w.org\/{rel}","templated":true}]}}