{"id":106998,"date":"2025-02-05T11:56:08","date_gmt":"2025-02-05T14:56:08","guid":{"rendered":"https:\/\/juris.antaq.gov.br\/?p=106998"},"modified":"2025-02-06T11:47:47","modified_gmt":"2025-02-06T14:47:47","slug":"ac-26-2025","status":"publish","type":"post","link":"https:\/\/juris.antaq.gov.br\/index.php\/2025\/02\/05\/ac-26-2025\/","title":{"rendered":"AC-26-2025"},"content":{"rendered":"<p style=\"text-align: justify;\">AC\u00d3RD\u00c3O N\u00ba 26-2025-ANTAQ<\/p>\n<p style=\"text-align: justify;\">1. Processo: 50300.011116\/2024-43<br \/>\n2. Interessados: ANTAQ e Autoridade Portu\u00e1ria dos Portos do Rio Grande do Sul S.A.<br \/>\n3. Relator: Alber Vasconcelos<br \/>\n4. Unidade T\u00e9cnica: Superintend\u00eancia de Fiscaliza\u00e7\u00e3o e Coordena\u00e7\u00e3o das Unidades Regionais<br \/>\n5. Ac\u00f3rd\u00e3o:<br \/>\nVISTOS, relatados e discutidos os presentes autos que tratam de fiscaliza\u00e7\u00e3o tem\u00e1tica para diagn\u00f3stico e acompanhamento dos contratos de dragagem no Porto de Porto Alegre,<br \/>\nACORDAM os Diretores da Ag\u00eancia Nacional de Transportes Aquavi\u00e1rios, reunidos para a Reuni\u00e3o Ordin\u00e1ria de Diretoria Colegiada de n\u00ba 579, ante as raz\u00f5es expostas pelo Relator, em:<br \/>\n5.1. aprovar a fiscaliza\u00e7\u00e3o tem\u00e1tica referente \u00e0 dragagem do Porto de Porto Alegre e declarar cumprida a\u00e7\u00e3o A-3 do PAF 2024;<br \/>\n5.2. determinar \u00e0 Autoridade Portu\u00e1ria dos Portos do Rio Grande do Sul S.A. que:<br \/>\n5.2.1. encaminhe, semestralmente, \u00e0 Antaq a batimetria do canal de navega\u00e7\u00e3o e dos ber\u00e7os de atraca\u00e7\u00e3o; o volume dragado no per\u00edodo; o tipo de draga utilizada; o tempo de mobiliza\u00e7\u00e3o do equipamento; o tipo de sedimento dragado e local de seu descarte;<br \/>\n5.2.2. encaminhe, imediatamente, \u00e0 Antaq eventuais avisos aos navegantes referentes \u00e0 restri\u00e7\u00e3o de calado, sempre que houver;<br \/>\n5.2.3. encaminhe \u00e0 Antaq editais de contrata\u00e7\u00e3o de servi\u00e7os de dragagem, quando ocorrerem, bem como os contratos, aditivos e editais j\u00e1 vigentes; e<br \/>\n5.2.4. comunique sobre a\u00e7\u00f5es futuras em curso referentes a servi\u00e7os de dragagem no Porto.<br \/>\n5.3. determinar \u00e0 Autoridade Portu\u00e1ria dos Portos do Rio Grande do Sul S.A. que fa\u00e7a constar nos contratos de dragagem cl\u00e1usula prevendo a necessidade de disponibilidade da draga em temporalidade pr\u00e9-definida (por exemplo, 24 horas ou 48 horas) sempre que houver necessidade da presta\u00e7\u00e3o do servi\u00e7o de natureza continuada;<br \/>\n5.4. determinar \u00e0 Superintend\u00eancia de Fiscaliza\u00e7\u00e3o e Coordena\u00e7\u00e3o das Unidades Regionais que encaminhe, semestralmente, relat\u00f3rio anal\u00edtico sobre a situa\u00e7\u00e3o da dragagem de manuten\u00e7\u00e3o do Porto de Porto Alegre;<br \/>\n5.5. determinar \u00e0 Autoridade Portu\u00e1ria dos Portos do Rio Grande do Sul S.A. que proceda \u00e0 revis\u00e3o da poligonal do Porto de Porto Alegre, de modo a incluir todos os canais de acesso ao porto, em respeito ao disposto na\u00a0<a href=\"http:\/\/legislacao.planalto.gov.br\/legisla\/legislacao.nsf\/Viw_Identificacao\/lei%2012.815-2013?OpenDocument\">Lei n\u00ba 12.815\/2013<\/a> (<a title=\"II - \u00e1rea do porto organizado: \u00e1rea delimitada por ato do Poder Executivo que compreende as instala\u00e7\u00f5es portu\u00e1rias e a infraestrutura de prote\u00e7\u00e3o e de acesso ao porto organizado; \" href=\"http:\/\/legislacao.planalto.gov.br\/legisla\/legislacao.nsf\/Viw_Identificacao\/lei%2012.815-2013?OpenDocument\">art. 2\u00ba,\u00a0 inciso II<\/a>, e <a title=\"Art. 15. Ato do Presidente da Rep\u00fablica dispor\u00e1 sobre a defini\u00e7\u00e3o da \u00e1rea dos portos organizados, a partir de proposta da Secretaria de Portos da Presid\u00eancia da Rep\u00fablica. Par\u00e1grafo \u00fanico. A delimita\u00e7\u00e3o da \u00e1rea dever\u00e1 considerar a adequa\u00e7\u00e3o dos acessos mar\u00edtimos e terrestres, os ganhos de efici\u00eancia e competitividade decorrente da escala das opera\u00e7\u00f5es e as instala\u00e7\u00f5es portu\u00e1rias j\u00e1 existentes. \" href=\"http:\/\/legislacao.planalto.gov.br\/legisla\/legislacao.nsf\/Viw_Identificacao\/lei%2012.815-2013?OpenDocument\">art. 15<\/a>);<br \/>\n5.6. comunicar a Autoridade Portu\u00e1ria dos Portos do Rio Grande do Sul S.A. e a Superintend\u00eancia de Fiscaliza\u00e7\u00e3o e Coordena\u00e7\u00e3o das Unidades Regionais acerca da presente decis\u00e3o.<br \/>\n6. Data da Reuni\u00e3o: 30\/01\/2025 &#8211; Telepresencial.<br \/>\n7. Especifica\u00e7\u00e3o do qu\u00f3rum:<br \/>\n7.1. Diretores presentes: Eduardo Nery (Presidente), Fl\u00e1via Takafashi, Lima Filho, Alber Vasconcelos (Relator) e Caio Farias.<br \/>\nEDUARDO NERY MACHADO FILHO<br \/>\nDiretor-Geral<br \/>\n<a href=\"https:\/\/pesquisa.in.gov.br\/imprensa\/jsp\/visualiza\/index.jsp?data=06\/02\/2025&amp;jornal=515&amp;pagina=57&amp;totalArquivos=120\">Publicada no DOU de 06.02.2025, se\u00e7\u00e3o I<\/a><\/p>\n","protected":false},"excerpt":{"rendered":"<p>AC\u00d3RD\u00c3O N\u00ba 26-2025-ANTAQ 1. Processo: 50300.011116\/2024-43 2. Interessados: ANTAQ e Autoridade Portu\u00e1ria dos Portos do Rio Grande do Sul S.A. 3. Relator: Alber Vasconcelos 4. Unidade T\u00e9cnica: Superintend\u00eancia de Fiscaliza\u00e7\u00e3o e Coordena\u00e7\u00e3o das Unidades Regionais 5. Ac\u00f3rd\u00e3o: VISTOS, relatados e discutidos os presentes autos que tratam de fiscaliza\u00e7\u00e3o tem\u00e1tica para diagn\u00f3stico e acompanhamento dos contratos&nbsp;&hellip;<\/p>\n","protected":false},"author":11,"featured_media":0,"comment_status":"open","ping_status":"open","sticky":false,"template":"","format":"standard","meta":[],"categories":[48169,39357],"tags":[48608,48521,48607,140,42182,722,44339,627],"_links":{"self":[{"href":"https:\/\/juris.antaq.gov.br\/index.php\/wp-json\/wp\/v2\/posts\/106998"}],"collection":[{"href":"https:\/\/juris.antaq.gov.br\/index.php\/wp-json\/wp\/v2\/posts"}],"about":[{"href":"https:\/\/juris.antaq.gov.br\/index.php\/wp-json\/wp\/v2\/types\/post"}],"author":[{"embeddable":true,"href":"https:\/\/juris.antaq.gov.br\/index.php\/wp-json\/wp\/v2\/users\/11"}],"replies":[{"embeddable":true,"href":"https:\/\/juris.antaq.gov.br\/index.php\/wp-json\/wp\/v2\/comments?post=106998"}],"version-history":[{"count":3,"href":"https:\/\/juris.antaq.gov.br\/index.php\/wp-json\/wp\/v2\/posts\/106998\/revisions"}],"predecessor-version":[{"id":107115,"href":"https:\/\/juris.antaq.gov.br\/index.php\/wp-json\/wp\/v2\/posts\/106998\/revisions\/107115"}],"wp:attachment":[{"href":"https:\/\/juris.antaq.gov.br\/index.php\/wp-json\/wp\/v2\/media?parent=106998"}],"wp:term":[{"taxonomy":"category","embeddable":true,"href":"https:\/\/juris.antaq.gov.br\/index.php\/wp-json\/wp\/v2\/categories?post=106998"},{"taxonomy":"post_tag","embeddable":true,"href":"https:\/\/juris.antaq.gov.br\/index.php\/wp-json\/wp\/v2\/tags?post=106998"}],"curies":[{"name":"wp","href":"https:\/\/api.w.org\/{rel}","templated":true}]}}