{"id":107288,"date":"2025-02-12T11:04:29","date_gmt":"2025-02-12T14:04:29","guid":{"rendered":"https:\/\/juris.antaq.gov.br\/?p=107288"},"modified":"2025-02-12T11:04:29","modified_gmt":"2025-02-12T14:04:29","slug":"ementa-ac-36-2025","status":"publish","type":"post","link":"https:\/\/juris.antaq.gov.br\/index.php\/2025\/02\/12\/ementa-ac-36-2025\/","title":{"rendered":"Ementa AC-36-2025"},"content":{"rendered":"<p style=\"text-align: justify;\">EMENTA DE AC\u00d3RD\u00c3O<\/p>\n<p style=\"text-align: justify;\">\nPEDIDO DE REGISTRO DE INSTALA\u00c7\u00c3O FLUTUANTE DE APOIO AO TRANSPORTE AQUAVI\u00c1RIO . CUMPRIMENTO DOS REQUISITOS NORMATIVOS. DEFERIMENTO.<\/p>\n<p style=\"text-align: justify;\">\nData da Reuni\u00e3o: 30\/01\/2025 &#8211; Telepresencial.<br \/>\nN\u00famero da Reuni\u00e3o: 579<br \/>\nN\u00famero do ac\u00f3rd\u00e3o: <a href=\"https:\/\/juris.antaq.gov.br\/index.php\/2025\/02\/05\/ac-36-2025\/\">36-2025<\/a><br \/>\nDiretores presentes: Eduardo Nery (Presidente), Fl\u00e1via Takafashi, Alber Vasconcelos e Caio Farias (Relator).<\/p>\n<p style=\"text-align: justify;\">\n(assinado eletronicamente)<\/p>\n<p style=\"text-align: justify;\">\nEDUARDO NERY MACHADO FILHO<br \/>\nDiretor-Geral<\/p>\n<p style=\"text-align: justify;\"><a href=\"https:\/\/sophia.antaq.gov.br\/Terminal\/acervo\/detalhe\/38378?guid=1739368960723&amp;returnUrl=%2fTerminal%2fresultado%2flistar%3fguid%3d1739368960723%26quantidadePaginas%3d1%26codigoRegistro%3d38378%2338378&amp;i=1\">Acesso ao Ac\u00f3rd\u00e3o e PDF<\/a><\/p>\n","protected":false},"excerpt":{"rendered":"<p>EMENTA DE AC\u00d3RD\u00c3O PEDIDO DE REGISTRO DE INSTALA\u00c7\u00c3O FLUTUANTE DE APOIO AO TRANSPORTE AQUAVI\u00c1RIO . CUMPRIMENTO DOS REQUISITOS NORMATIVOS. DEFERIMENTO. Data da Reuni\u00e3o: 30\/01\/2025 &#8211; Telepresencial. N\u00famero da Reuni\u00e3o: 579 N\u00famero do ac\u00f3rd\u00e3o: 36-2025 Diretores presentes: Eduardo Nery (Presidente), Fl\u00e1via Takafashi, Alber Vasconcelos e Caio Farias (Relator). (assinado eletronicamente) EDUARDO NERY MACHADO FILHO Diretor-Geral Acesso&nbsp;&hellip;<\/p>\n","protected":false},"author":11,"featured_media":0,"comment_status":"open","ping_status":"open","sticky":false,"template":"","format":"standard","meta":[],"categories":[48167],"tags":[48521,48631,42160],"_links":{"self":[{"href":"https:\/\/juris.antaq.gov.br\/index.php\/wp-json\/wp\/v2\/posts\/107288"}],"collection":[{"href":"https:\/\/juris.antaq.gov.br\/index.php\/wp-json\/wp\/v2\/posts"}],"about":[{"href":"https:\/\/juris.antaq.gov.br\/index.php\/wp-json\/wp\/v2\/types\/post"}],"author":[{"embeddable":true,"href":"https:\/\/juris.antaq.gov.br\/index.php\/wp-json\/wp\/v2\/users\/11"}],"replies":[{"embeddable":true,"href":"https:\/\/juris.antaq.gov.br\/index.php\/wp-json\/wp\/v2\/comments?post=107288"}],"version-history":[{"count":1,"href":"https:\/\/juris.antaq.gov.br\/index.php\/wp-json\/wp\/v2\/posts\/107288\/revisions"}],"predecessor-version":[{"id":107289,"href":"https:\/\/juris.antaq.gov.br\/index.php\/wp-json\/wp\/v2\/posts\/107288\/revisions\/107289"}],"wp:attachment":[{"href":"https:\/\/juris.antaq.gov.br\/index.php\/wp-json\/wp\/v2\/media?parent=107288"}],"wp:term":[{"taxonomy":"category","embeddable":true,"href":"https:\/\/juris.antaq.gov.br\/index.php\/wp-json\/wp\/v2\/categories?post=107288"},{"taxonomy":"post_tag","embeddable":true,"href":"https:\/\/juris.antaq.gov.br\/index.php\/wp-json\/wp\/v2\/tags?post=107288"}],"curies":[{"name":"wp","href":"https:\/\/api.w.org\/{rel}","templated":true}]}}