{"id":108443,"date":"2025-04-09T10:04:19","date_gmt":"2025-04-09T13:04:19","guid":{"rendered":"https:\/\/juris.antaq.gov.br\/?p=108443"},"modified":"2025-04-09T10:07:37","modified_gmt":"2025-04-09T13:07:37","slug":"ac-228-2025","status":"publish","type":"post","link":"https:\/\/juris.antaq.gov.br\/index.php\/2025\/04\/09\/ac-228-2025\/","title":{"rendered":"AC-228-2025"},"content":{"rendered":"<p style=\"text-align: justify;\">AC\u00d3RD\u00c3O N\u00ba 228\/2025-ANTAQ<\/p>\n<p style=\"text-align: justify;\">1. Processo: 50300.028199\/2024-18<br \/>\n2. Interessado: Ag\u00eancia Nacional de Transportes Aquavi\u00e1rios<br \/>\n3. Relator: Caio Farias<br \/>\n4. Unidade T\u00e9cnica: Superintend\u00eancia de ESG e Inova\u00e7\u00e3o &#8211; SESGI<br \/>\n5. Ac\u00f3rd\u00e3o:<br \/>\nVISTOS, relatados e discutidos os presentes autos que tratam de proposta de altera\u00e7\u00e3o da Portaria-DG n\u00ba 543\/2025, a qual instituiu o Plano Setorial de Preven\u00e7\u00e3o e Enfrentamento do Ass\u00e9dio e da Discrimina\u00e7\u00e3o no \u00e2mbito da Ag\u00eancia Nacional de Transportes Aquavi\u00e1rios, para fins de adequa\u00e7\u00e3o \u00e0 <a href=\"https:\/\/pesquisa.in.gov.br\/imprensa\/jsp\/visualiza\/index.jsp?data=01\/10\/2024&amp;jornal=515&amp;pagina=46\">Portaria MGI n\u00ba 6.719, de 13 de setembro de 2024<\/a>,<br \/>\nACORDAM os Diretores da Ag\u00eancia Nacional de Transportes Aquavi\u00e1rios, reunidos para a Reuni\u00e3o Ordin\u00e1ria de Diretoria Colegiada de n\u00ba 584, ante as raz\u00f5es expostas pelo Relator, em:<br \/>\n5.1. aprovar a proposta de altera\u00e7\u00e3o da Portaria-DG n\u00ba 543\/2025, nos termos da Portaria-MINUTA AST-DG 2518848; e<br \/>\n5.2. determinar que, ap\u00f3s a altera\u00e7\u00e3o aprovada no item 5.1 deste Ac\u00f3rd\u00e3o, a Portaria-DG n\u00ba 543\/2025 seja amplamente divulgada no \u00e2mbito das unidades organizacionais da ANTAQ.<br \/>\n6. Data da Reuni\u00e3o: 03\/04\/2025 &#8211; Telepresencial.<br \/>\n7. Especifica\u00e7\u00e3o do qu\u00f3rum:<br \/>\n7.1. Diretores presentes: Caio Farias (Presidente e Relator), Fl\u00e1via Takafashi, Lima Filho e Alber Vasconcelos.<br \/>\nCAIO FARIAS<br \/>\nDiretor-Geral Substituto<br \/>\n<a href=\"https:\/\/pesquisa.in.gov.br\/imprensa\/jsp\/visualiza\/index.jsp?data=09\/04\/2025&amp;jornal=515&amp;pagina=60\">Publicada no DOU de 09.04.2025, se\u00e7\u00e3o I<\/a><\/p>\n","protected":false},"excerpt":{"rendered":"<p>AC\u00d3RD\u00c3O N\u00ba 228\/2025-ANTAQ 1. Processo: 50300.028199\/2024-18 2. Interessado: Ag\u00eancia Nacional de Transportes Aquavi\u00e1rios 3. Relator: Caio Farias 4. Unidade T\u00e9cnica: Superintend\u00eancia de ESG e Inova\u00e7\u00e3o &#8211; SESGI 5. Ac\u00f3rd\u00e3o: VISTOS, relatados e discutidos os presentes autos que tratam de proposta de altera\u00e7\u00e3o da Portaria-DG n\u00ba 543\/2025, a qual instituiu o Plano Setorial de Preven\u00e7\u00e3o e&nbsp;&hellip;<\/p>\n","protected":false},"author":11,"featured_media":0,"comment_status":"open","ping_status":"open","sticky":false,"template":"","format":"standard","meta":[],"categories":[48169,39357],"tags":[48552,49237,49255,140,42160,48285],"_links":{"self":[{"href":"https:\/\/juris.antaq.gov.br\/index.php\/wp-json\/wp\/v2\/posts\/108443"}],"collection":[{"href":"https:\/\/juris.antaq.gov.br\/index.php\/wp-json\/wp\/v2\/posts"}],"about":[{"href":"https:\/\/juris.antaq.gov.br\/index.php\/wp-json\/wp\/v2\/types\/post"}],"author":[{"embeddable":true,"href":"https:\/\/juris.antaq.gov.br\/index.php\/wp-json\/wp\/v2\/users\/11"}],"replies":[{"embeddable":true,"href":"https:\/\/juris.antaq.gov.br\/index.php\/wp-json\/wp\/v2\/comments?post=108443"}],"version-history":[{"count":3,"href":"https:\/\/juris.antaq.gov.br\/index.php\/wp-json\/wp\/v2\/posts\/108443\/revisions"}],"predecessor-version":[{"id":108446,"href":"https:\/\/juris.antaq.gov.br\/index.php\/wp-json\/wp\/v2\/posts\/108443\/revisions\/108446"}],"wp:attachment":[{"href":"https:\/\/juris.antaq.gov.br\/index.php\/wp-json\/wp\/v2\/media?parent=108443"}],"wp:term":[{"taxonomy":"category","embeddable":true,"href":"https:\/\/juris.antaq.gov.br\/index.php\/wp-json\/wp\/v2\/categories?post=108443"},{"taxonomy":"post_tag","embeddable":true,"href":"https:\/\/juris.antaq.gov.br\/index.php\/wp-json\/wp\/v2\/tags?post=108443"}],"curies":[{"name":"wp","href":"https:\/\/api.w.org\/{rel}","templated":true}]}}