{"id":108447,"date":"2025-04-09T10:23:11","date_gmt":"2025-04-09T13:23:11","guid":{"rendered":"https:\/\/juris.antaq.gov.br\/?p=108447"},"modified":"2025-04-09T10:23:11","modified_gmt":"2025-04-09T13:23:11","slug":"ac-229-2025","status":"publish","type":"post","link":"https:\/\/juris.antaq.gov.br\/index.php\/2025\/04\/09\/ac-229-2025\/","title":{"rendered":"AC-229-2025"},"content":{"rendered":"<p style=\"text-align: justify;\">AC\u00d3RD\u00c3O N\u00ba 229\/2025-ANTAQ<\/p>\n<p style=\"text-align: justify;\">\n1. Processo: 50300.002641\/2025-59<br \/>\n2. Interessados: Oxen Cargo Log\u00edstica Eireli e Maersk Line A\/S (Maersk Brasil Brasmar Ltda.)<br \/>\n3. Relator: Alber Vasconcelos<br \/>\n4. Unidade T\u00e9cnica: Superintend\u00eancia de Fiscaliza\u00e7\u00e3o e Coordena\u00e7\u00e3o das Unidades Regionais (SFC)<br \/>\n5. Ac\u00f3rd\u00e3o:<br \/>\nVISTOS, relatados e discutidos os presentes autos que tratam de pedido de medida cautelar administrativa protocolada pela empresa Oxen Cargo Log\u00edstica Eireli contra Maersk Line A\/S e sua mandat\u00e1ria no Brasil Maersk Brasil Brasmar Ltda., por suposta reten\u00e7\u00e3o ilegal de carga,<br \/>\nACORDAM os Diretores da Ag\u00eancia Nacional de Transportes Aquavi\u00e1rios, reunidos para a Reuni\u00e3o Ordin\u00e1ria de Diretoria Colegiada de n\u00ba 584, ante as raz\u00f5es expostas pelo Relator, em:<br \/>\n5.1. determinar a perda de objeto do pedido de cautelar, uma vez que a denunciada obteve decis\u00e3o judicial sobre o mesmo tema que lhe concedeu tutela provis\u00f3ria;<br \/>\n5.2. determinar \u00e0 Superintend\u00eancia de Fiscaliza\u00e7\u00e3o e Coordena\u00e7\u00e3o das Unidades Regionais que aprecie a den\u00fancia em rito de a\u00e7\u00e3o fiscalizat\u00f3ria extraordin\u00e1ria; e<br \/>\n5.3. informar a Oxen Cargo Log\u00edstica Eireli e Maersk Line A\/S (Maersk Brasil Brasmar Ltda.) da presente decis\u00e3o.<br \/>\n6. Data da Reuni\u00e3o: 03\/04\/2025 &#8211; Telepresencial.<br \/>\n7. Especifica\u00e7\u00e3o do qu\u00f3rum:<br \/>\n7.1. Diretores presentes: Caio Farias (Presidente), Fl\u00e1via Takafashi, Lima Filho e Alber Vasconcelos (Relator).<br \/>\nCAIO FARIAS<br \/>\nDiretor-Geral Substituto<br \/>\n<a href=\"https:\/\/pesquisa.in.gov.br\/imprensa\/jsp\/visualiza\/index.jsp?data=09\/04\/2025&amp;jornal=515&amp;pagina=60\">Publicada no DOU de 09.04.2025, se\u00e7\u00e3o I<\/a><\/p>\n","protected":false},"excerpt":{"rendered":"<p>AC\u00d3RD\u00c3O N\u00ba 229\/2025-ANTAQ 1. Processo: 50300.002641\/2025-59 2. Interessados: Oxen Cargo Log\u00edstica Eireli e Maersk Line A\/S (Maersk Brasil Brasmar Ltda.) 3. Relator: Alber Vasconcelos 4. Unidade T\u00e9cnica: Superintend\u00eancia de Fiscaliza\u00e7\u00e3o e Coordena\u00e7\u00e3o das Unidades Regionais (SFC) 5. Ac\u00f3rd\u00e3o: VISTOS, relatados e discutidos os presentes autos que tratam de pedido de medida cautelar administrativa protocolada pela&nbsp;&hellip;<\/p>\n","protected":false},"author":11,"featured_media":0,"comment_status":"open","ping_status":"open","sticky":false,"template":"","format":"standard","meta":[],"categories":[48169,39357],"tags":[49257,49237,49256,48463,49258],"_links":{"self":[{"href":"https:\/\/juris.antaq.gov.br\/index.php\/wp-json\/wp\/v2\/posts\/108447"}],"collection":[{"href":"https:\/\/juris.antaq.gov.br\/index.php\/wp-json\/wp\/v2\/posts"}],"about":[{"href":"https:\/\/juris.antaq.gov.br\/index.php\/wp-json\/wp\/v2\/types\/post"}],"author":[{"embeddable":true,"href":"https:\/\/juris.antaq.gov.br\/index.php\/wp-json\/wp\/v2\/users\/11"}],"replies":[{"embeddable":true,"href":"https:\/\/juris.antaq.gov.br\/index.php\/wp-json\/wp\/v2\/comments?post=108447"}],"version-history":[{"count":1,"href":"https:\/\/juris.antaq.gov.br\/index.php\/wp-json\/wp\/v2\/posts\/108447\/revisions"}],"predecessor-version":[{"id":108448,"href":"https:\/\/juris.antaq.gov.br\/index.php\/wp-json\/wp\/v2\/posts\/108447\/revisions\/108448"}],"wp:attachment":[{"href":"https:\/\/juris.antaq.gov.br\/index.php\/wp-json\/wp\/v2\/media?parent=108447"}],"wp:term":[{"taxonomy":"category","embeddable":true,"href":"https:\/\/juris.antaq.gov.br\/index.php\/wp-json\/wp\/v2\/categories?post=108447"},{"taxonomy":"post_tag","embeddable":true,"href":"https:\/\/juris.antaq.gov.br\/index.php\/wp-json\/wp\/v2\/tags?post=108447"}],"curies":[{"name":"wp","href":"https:\/\/api.w.org\/{rel}","templated":true}]}}