{"id":109685,"date":"2025-07-01T10:13:52","date_gmt":"2025-07-01T13:13:52","guid":{"rendered":"https:\/\/juris.antaq.gov.br\/?p=109685"},"modified":"2025-07-01T10:13:52","modified_gmt":"2025-07-01T13:13:52","slug":"ementa-ac-420-2025","status":"publish","type":"post","link":"https:\/\/juris.antaq.gov.br\/index.php\/2025\/07\/01\/ementa-ac-420-2025\/","title":{"rendered":"Ementa AC-420-2025"},"content":{"rendered":"<p>EMENTA DE AC\u00d3RD\u00c3O<\/p>\n<p style=\"text-align: justify;\">\nPEDIDO DE DESIST\u00caNCIA DE CELEBRA\u00c7\u00c3O DE CONTRATO DE USO TEMPOR\u00c1RIO. REVOGA\u00c7\u00c3O DA AUTORIZA\u00c7\u00c3O CONCEDIDA PELA ANTAQ PARA A FORMALIZA\u00c7\u00c3O DA AVEN\u00c7A.<\/p>\n<p style=\"text-align: justify;\">\nData da Reuni\u00e3o: 16 a 18\/06\/2025 &#8211; Virtual.<br \/>\nN\u00famero da Reuni\u00e3o: 589<br \/>\nN\u00famero do ac\u00f3rd\u00e3o: <a href=\"https:\/\/juris.antaq.gov.br\/index.php\/2025\/06\/27\/ac-420-2025\/\">420-2025<\/a><br \/>\nDiretores presentes: Caio Farias (Presidente), Fl\u00e1via Takafashi (Relatora), Lima Filho e Alber Vasconcelos.<\/p>\n<p style=\"text-align: justify;\">\n(assinado eletronicamente)<\/p>\n<p style=\"text-align: justify;\">\nCAIO FARIAS<br \/>\nDiretor-Geral Substituto<\/p>\n<p style=\"text-align: justify;\"><a href=\"https:\/\/sophia.antaq.gov.br\/Terminal\/acervo\/detalhe\/39584?guid=1751375498659&amp;returnUrl=%2fTerminal%2fresultado%2flistarlegislacao%3fguid%3d1751375498659%26quantidadePaginas%3d1%26codigoRegistro%3d39584%2339584&amp;i=2\">Acesso ao Ac\u00f3rd\u00e3o e PDF<\/a><\/p>\n","protected":false},"excerpt":{"rendered":"<p>EMENTA DE AC\u00d3RD\u00c3O PEDIDO DE DESIST\u00caNCIA DE CELEBRA\u00c7\u00c3O DE CONTRATO DE USO TEMPOR\u00c1RIO. REVOGA\u00c7\u00c3O DA AUTORIZA\u00c7\u00c3O CONCEDIDA PELA ANTAQ PARA A FORMALIZA\u00c7\u00c3O DA AVEN\u00c7A. Data da Reuni\u00e3o: 16 a 18\/06\/2025 &#8211; Virtual. N\u00famero da Reuni\u00e3o: 589 N\u00famero do ac\u00f3rd\u00e3o: 420-2025 Diretores presentes: Caio Farias (Presidente), Fl\u00e1via Takafashi (Relatora), Lima Filho e Alber Vasconcelos. (assinado eletronicamente)&nbsp;&hellip;<\/p>\n","protected":false},"author":11,"featured_media":0,"comment_status":"open","ping_status":"open","sticky":false,"template":"","format":"standard","meta":[],"categories":[48167],"tags":[49939,50029,36999],"_links":{"self":[{"href":"https:\/\/juris.antaq.gov.br\/index.php\/wp-json\/wp\/v2\/posts\/109685"}],"collection":[{"href":"https:\/\/juris.antaq.gov.br\/index.php\/wp-json\/wp\/v2\/posts"}],"about":[{"href":"https:\/\/juris.antaq.gov.br\/index.php\/wp-json\/wp\/v2\/types\/post"}],"author":[{"embeddable":true,"href":"https:\/\/juris.antaq.gov.br\/index.php\/wp-json\/wp\/v2\/users\/11"}],"replies":[{"embeddable":true,"href":"https:\/\/juris.antaq.gov.br\/index.php\/wp-json\/wp\/v2\/comments?post=109685"}],"version-history":[{"count":1,"href":"https:\/\/juris.antaq.gov.br\/index.php\/wp-json\/wp\/v2\/posts\/109685\/revisions"}],"predecessor-version":[{"id":109686,"href":"https:\/\/juris.antaq.gov.br\/index.php\/wp-json\/wp\/v2\/posts\/109685\/revisions\/109686"}],"wp:attachment":[{"href":"https:\/\/juris.antaq.gov.br\/index.php\/wp-json\/wp\/v2\/media?parent=109685"}],"wp:term":[{"taxonomy":"category","embeddable":true,"href":"https:\/\/juris.antaq.gov.br\/index.php\/wp-json\/wp\/v2\/categories?post=109685"},{"taxonomy":"post_tag","embeddable":true,"href":"https:\/\/juris.antaq.gov.br\/index.php\/wp-json\/wp\/v2\/tags?post=109685"}],"curies":[{"name":"wp","href":"https:\/\/api.w.org\/{rel}","templated":true}]}}