{"id":109687,"date":"2025-07-01T10:19:14","date_gmt":"2025-07-01T13:19:14","guid":{"rendered":"https:\/\/juris.antaq.gov.br\/?p=109687"},"modified":"2025-07-01T10:19:48","modified_gmt":"2025-07-01T13:19:48","slug":"ementa-ac-421-2025","status":"publish","type":"post","link":"https:\/\/juris.antaq.gov.br\/index.php\/2025\/07\/01\/ementa-ac-421-2025\/","title":{"rendered":"Ementa AC-421-2025"},"content":{"rendered":"<p style=\"text-align: justify;\">EMENTA DE AC\u00d3RD\u00c3O<\/p>\n<p style=\"text-align: justify;\">PROCESSO SANCIONADOR. PROCEDIMENTO EXTRAORDIN\u00c1RIO DE FISCALIZA\u00c7\u00c3O EM TERMINAIS DE USO PRIVADO. INFRA\u00c7\u00c3O AO <a title=\" XLI - cobrar, exigir ou receber valores dos usu\u00e1rios que n\u00e3o deram causa \u00e0 armazenagem adicional e a outros servi\u00e7os prestados \u00e0s cargas n\u00e3o embarcadas em navio e\/ou prazo previamente programados na exporta\u00e7\u00e3o: multa de at\u00e9 R$ 250.000,00 (duzentos e cinquenta mil reais); e \" href=\"https:\/\/pesquisa.in.gov.br\/imprensa\/jsp\/visualiza\/index.jsp?data=06\/06\/2022&amp;jornal=515&amp;pagina=148&amp;totalArquivos=276\">INCISO XLI, DO ART 33.<\/a> DA <a href=\"https:\/\/pesquisa.in.gov.br\/imprensa\/jsp\/visualiza\/index.jsp?data=06\/06\/2022&amp;jornal=515&amp;pagina=147&amp;totalArquivos=276\">RESOLU\u00c7\u00c3O ANTAQ N\u00ba 75\/2022<\/a>. COBRAN\u00c7A INDEVIDA DE ARMAZENAGEM ADICIONAL. SUBSIST\u00caNCIA DO AUTO DE INFRA\u00c7\u00c3O. PROPOSTA DE CELEBRA\u00c7\u00c3O DE TAC ALTERNATIVAMENTE \u00c0 APLICA\u00c7\u00c3O DE MULTA PECUNI\u00c1RIA.<\/p>\n<p style=\"text-align: justify;\">Data da Reuni\u00e3o: 16 a 18\/06\/2025 &#8211; Virtual.<br \/>\nN\u00famero da Reuni\u00e3o: 589<br \/>\nN\u00famero do ac\u00f3rd\u00e3o: <a href=\"https:\/\/juris.antaq.gov.br\/index.php\/2025\/06\/27\/ac-421-2025\/\">421-2025<\/a><br \/>\nDiretores presentes: Caio Farias (Presidente), Fl\u00e1via Takafashi (Relatora), Lima Filho e Alber Vasconcelos.<\/p>\n<p style=\"text-align: justify;\">(assinado eletronicamente)<\/p>\n<p style=\"text-align: justify;\">CAIO FARIAS<br \/>\nDiretor-Geral Substituto<\/p>\n<p style=\"text-align: justify;\"><a href=\"https:\/\/sophia.antaq.gov.br\/Terminal\/acervo\/detalhe\/39585?guid=1751375731041&amp;returnUrl=%2fTerminal%2fresultado%2flistarlegislacao%3fguid%3d1751375731041%26quantidadePaginas%3d1%26codigoRegistro%3d39585%2339585&amp;i=2\">Acesso ao Ac\u00f3rd\u00e3o e PDF<\/a><\/p>\n","protected":false},"excerpt":{"rendered":"<p>EMENTA DE AC\u00d3RD\u00c3O PROCESSO SANCIONADOR. PROCEDIMENTO EXTRAORDIN\u00c1RIO DE FISCALIZA\u00c7\u00c3O EM TERMINAIS DE USO PRIVADO. INFRA\u00c7\u00c3O AO INCISO XLI, DO ART 33. DA RESOLU\u00c7\u00c3O ANTAQ N\u00ba 75\/2022. COBRAN\u00c7A INDEVIDA DE ARMAZENAGEM ADICIONAL. SUBSIST\u00caNCIA DO AUTO DE INFRA\u00c7\u00c3O. PROPOSTA DE CELEBRA\u00c7\u00c3O DE TAC ALTERNATIVAMENTE \u00c0 APLICA\u00c7\u00c3O DE MULTA PECUNI\u00c1RIA. Data da Reuni\u00e3o: 16 a 18\/06\/2025 &#8211; Virtual.&nbsp;&hellip;<\/p>\n","protected":false},"author":11,"featured_media":0,"comment_status":"open","ping_status":"open","sticky":false,"template":"","format":"standard","meta":[],"categories":[48167],"tags":[49939,50030,36999,44496],"_links":{"self":[{"href":"https:\/\/juris.antaq.gov.br\/index.php\/wp-json\/wp\/v2\/posts\/109687"}],"collection":[{"href":"https:\/\/juris.antaq.gov.br\/index.php\/wp-json\/wp\/v2\/posts"}],"about":[{"href":"https:\/\/juris.antaq.gov.br\/index.php\/wp-json\/wp\/v2\/types\/post"}],"author":[{"embeddable":true,"href":"https:\/\/juris.antaq.gov.br\/index.php\/wp-json\/wp\/v2\/users\/11"}],"replies":[{"embeddable":true,"href":"https:\/\/juris.antaq.gov.br\/index.php\/wp-json\/wp\/v2\/comments?post=109687"}],"version-history":[{"count":2,"href":"https:\/\/juris.antaq.gov.br\/index.php\/wp-json\/wp\/v2\/posts\/109687\/revisions"}],"predecessor-version":[{"id":109689,"href":"https:\/\/juris.antaq.gov.br\/index.php\/wp-json\/wp\/v2\/posts\/109687\/revisions\/109689"}],"wp:attachment":[{"href":"https:\/\/juris.antaq.gov.br\/index.php\/wp-json\/wp\/v2\/media?parent=109687"}],"wp:term":[{"taxonomy":"category","embeddable":true,"href":"https:\/\/juris.antaq.gov.br\/index.php\/wp-json\/wp\/v2\/categories?post=109687"},{"taxonomy":"post_tag","embeddable":true,"href":"https:\/\/juris.antaq.gov.br\/index.php\/wp-json\/wp\/v2\/tags?post=109687"}],"curies":[{"name":"wp","href":"https:\/\/api.w.org\/{rel}","templated":true}]}}