{"id":110149,"date":"2025-07-24T15:38:39","date_gmt":"2025-07-24T18:38:39","guid":{"rendered":"https:\/\/juris.antaq.gov.br\/?p=110149"},"modified":"2025-07-24T15:38:39","modified_gmt":"2025-07-24T18:38:39","slug":"ementa-ac-493-2025","status":"publish","type":"post","link":"https:\/\/juris.antaq.gov.br\/index.php\/2025\/07\/24\/ementa-ac-493-2025\/","title":{"rendered":"Ementa AC-493-2025"},"content":{"rendered":"<p style=\"text-align: justify;\">EMENTA DE AC\u00d3RD\u00c3O<\/p>\n<p style=\"text-align: justify;\">\nRECURSO DE RECONSIDERA\u00c7\u00c3O. SOLICITA\u00c7\u00c3O DE MANUTEN\u00c7\u00c3O DO TERMO DE AUTORIZA\u00c7\u00c3O N\u00ba 1.874-ANTAQ, CUJA EXTIN\u00c7\u00c3O FOI CONSUBSTANCIADA PELO \u00a0<a href=\"https:\/\/pesquisa.in.gov.br\/imprensa\/jsp\/visualiza\/index.jsp?data=02\/07\/2024&amp;jornal=515&amp;pagina=196&amp;totalArquivos=278\">AC\u00d3RD\u00c3O N\u00ba 402-2024-ANTAQ<\/a>,. N\u00c3O CONHECIMENTO. SEGUNDO RECURSO DA MESMA ESP\u00c9CIE APRESENTADO PELA MESMA RECORRENTE.<\/p>\n<p style=\"text-align: justify;\">\nData da Reuni\u00e3o: 14 a 16\/07\/2025 &#8211; Virtual.<br \/>\nN\u00famero da Reuni\u00e3o: 590<br \/>\nN\u00famero do ac\u00f3rd\u00e3o: <a href=\"https:\/\/juris.antaq.gov.br\/index.php\/2025\/07\/18\/ac-493-2025\/\">493-2025<\/a><br \/>\nDiretores presentes: Caio Farias (Presidente), Fl\u00e1via Takafashi, Lima Filho e Alber Vasconcelos (Relator).<\/p>\n<p style=\"text-align: justify;\">\n(assinado eletronicamente)<\/p>\n<p style=\"text-align: justify;\">\nCAIO FARIAS<br \/>\nDiretor-Geral Substituto<\/p>\n<p style=\"text-align: justify;\"><a href=\"https:\/\/sophia.antaq.gov.br\/Terminal\/acervo\/detalhe\/39775?guid=1753382164049&amp;returnUrl=%2fTerminal%2fresultado%2flistar%3fguid%3d1753382164049%26quantidadePaginas%3d1%26codigoRegistro%3d39775%2339775&amp;i=1\">Acesso ao Ac\u00f3rd\u00e3o e PDF<\/a><\/p>\n","protected":false},"excerpt":{"rendered":"<p>EMENTA DE AC\u00d3RD\u00c3O RECURSO DE RECONSIDERA\u00c7\u00c3O. SOLICITA\u00c7\u00c3O DE MANUTEN\u00c7\u00c3O DO TERMO DE AUTORIZA\u00c7\u00c3O N\u00ba 1.874-ANTAQ, CUJA EXTIN\u00c7\u00c3O FOI CONSUBSTANCIADA PELO \u00a0AC\u00d3RD\u00c3O N\u00ba 402-2024-ANTAQ,. N\u00c3O CONHECIMENTO. SEGUNDO RECURSO DA MESMA ESP\u00c9CIE APRESENTADO PELA MESMA RECORRENTE. Data da Reuni\u00e3o: 14 a 16\/07\/2025 &#8211; Virtual. N\u00famero da Reuni\u00e3o: 590 N\u00famero do ac\u00f3rd\u00e3o: 493-2025 Diretores presentes: Caio Farias (Presidente),&nbsp;&hellip;<\/p>\n","protected":false},"author":11,"featured_media":0,"comment_status":"open","ping_status":"open","sticky":false,"template":"","format":"standard","meta":[],"categories":[48167],"tags":[50147,50280,42182,40833],"_links":{"self":[{"href":"https:\/\/juris.antaq.gov.br\/index.php\/wp-json\/wp\/v2\/posts\/110149"}],"collection":[{"href":"https:\/\/juris.antaq.gov.br\/index.php\/wp-json\/wp\/v2\/posts"}],"about":[{"href":"https:\/\/juris.antaq.gov.br\/index.php\/wp-json\/wp\/v2\/types\/post"}],"author":[{"embeddable":true,"href":"https:\/\/juris.antaq.gov.br\/index.php\/wp-json\/wp\/v2\/users\/11"}],"replies":[{"embeddable":true,"href":"https:\/\/juris.antaq.gov.br\/index.php\/wp-json\/wp\/v2\/comments?post=110149"}],"version-history":[{"count":1,"href":"https:\/\/juris.antaq.gov.br\/index.php\/wp-json\/wp\/v2\/posts\/110149\/revisions"}],"predecessor-version":[{"id":110150,"href":"https:\/\/juris.antaq.gov.br\/index.php\/wp-json\/wp\/v2\/posts\/110149\/revisions\/110150"}],"wp:attachment":[{"href":"https:\/\/juris.antaq.gov.br\/index.php\/wp-json\/wp\/v2\/media?parent=110149"}],"wp:term":[{"taxonomy":"category","embeddable":true,"href":"https:\/\/juris.antaq.gov.br\/index.php\/wp-json\/wp\/v2\/categories?post=110149"},{"taxonomy":"post_tag","embeddable":true,"href":"https:\/\/juris.antaq.gov.br\/index.php\/wp-json\/wp\/v2\/tags?post=110149"}],"curies":[{"name":"wp","href":"https:\/\/api.w.org\/{rel}","templated":true}]}}