{"id":113536,"date":"2026-03-09T10:28:46","date_gmt":"2026-03-09T13:28:46","guid":{"rendered":"https:\/\/juris.antaq.gov.br\/?p=113536"},"modified":"2026-03-09T10:28:46","modified_gmt":"2026-03-09T13:28:46","slug":"ac-88-2026","status":"publish","type":"post","link":"https:\/\/juris.antaq.gov.br\/index.php\/2026\/03\/09\/ac-88-2026\/","title":{"rendered":"AC-88-2026"},"content":{"rendered":"<p style=\"text-align: justify;\">AC\u00d3RD\u00c3O N\u00ba 88\/2026-ANTAQ<\/p>\n<p style=\"text-align: justify;\">\n1. Processo: 50300.002807\/2025-37<br \/>\n2. Interessado: Ag\u00eancia Nacional de Transportes Aquavi\u00e1rios<br \/>\n3. Relator: Frederico Dias<br \/>\n4. Unidade T\u00e9cnica: Superintend\u00eancia de Administra\u00e7\u00e3o e Finan\u00e7as &#8211; SAF<br \/>\n5. Ac\u00f3rd\u00e3o:<br \/>\nVISTOS, relatados e discutidos os presentes autos que tratam da proposta de revis\u00e3o do Plano de Contrata\u00e7\u00f5es Anual (PCA 2026), referente ao exerc\u00edcio de 2026, aprovado pelo Ac\u00f3rd\u00e3o n\u00ba 305-2025-ANTAQ (SEI 2558138) e revisado pelo Ac\u00f3rd\u00e3o n\u00ba 818-2025-ANTAQ (SEI 2762396), com o objetivo de atender integral \u00e0s disposi\u00e7\u00f5es consignadas no inciso II do art. 15 do Decreto n\u00ba 10.947\/2022 que regulamenta o inciso VII do art. 12 da Lei n\u00ba 14.133\/2021,<br \/>\nACORDAM os Diretores da Ag\u00eancia Nacional de Transportes Aquavi\u00e1rios, reunidos para a Reuni\u00e3o Ordin\u00e1ria de Diretoria Colegiada de n\u00ba 604, ante as raz\u00f5es expostas pelo Relator, em aprovar o Plano de Contrata\u00e7\u00f5es Anual- 2026 Revisado, no valor total R$ 41.356.201,56 (quarenta e um milh\u00f5es, trezentos e cinquenta e seis mil duzentos e um reais e cinquenta e seis centavos), referente ao exerc\u00edcio de 2026, consubstanciado no documento de SEI n\u00ba 2812555.<br \/>\n6. Data da Reuni\u00e3o: 23 a 25\/02\/2026 &#8211; Virtual.<br \/>\n7. Especifica\u00e7\u00e3o do qu\u00f3rum:<br \/>\n7.1. Diretores presentes: Frederico Dias (Presidente e Relator), Lima Filho, Alber Vasconcelos, Caio Farias e Cristina Castro.<br \/>\nFREDERICO DIAS<br \/>\nDiretor-Geral<br \/>\nPublicado no DOU de 06.03.2026, Se\u00e7\u00e3o I<\/p>\n","protected":false},"excerpt":{"rendered":"<p>AC\u00d3RD\u00c3O N\u00ba 88\/2026-ANTAQ 1. Processo: 50300.002807\/2025-37 2. Interessado: Ag\u00eancia Nacional de Transportes Aquavi\u00e1rios 3. Relator: Frederico Dias 4. Unidade T\u00e9cnica: Superintend\u00eancia de Administra\u00e7\u00e3o e Finan\u00e7as &#8211; SAF 5. Ac\u00f3rd\u00e3o: VISTOS, relatados e discutidos os presentes autos que tratam da proposta de revis\u00e3o do Plano de Contrata\u00e7\u00f5es Anual (PCA 2026), referente ao exerc\u00edcio de 2026, aprovado&nbsp;&hellip;<\/p>\n","protected":false},"author":17,"featured_media":0,"comment_status":"open","ping_status":"open","sticky":false,"template":"","format":"standard","meta":[],"categories":[50744,39357],"tags":[],"_links":{"self":[{"href":"https:\/\/juris.antaq.gov.br\/index.php\/wp-json\/wp\/v2\/posts\/113536"}],"collection":[{"href":"https:\/\/juris.antaq.gov.br\/index.php\/wp-json\/wp\/v2\/posts"}],"about":[{"href":"https:\/\/juris.antaq.gov.br\/index.php\/wp-json\/wp\/v2\/types\/post"}],"author":[{"embeddable":true,"href":"https:\/\/juris.antaq.gov.br\/index.php\/wp-json\/wp\/v2\/users\/17"}],"replies":[{"embeddable":true,"href":"https:\/\/juris.antaq.gov.br\/index.php\/wp-json\/wp\/v2\/comments?post=113536"}],"version-history":[{"count":1,"href":"https:\/\/juris.antaq.gov.br\/index.php\/wp-json\/wp\/v2\/posts\/113536\/revisions"}],"predecessor-version":[{"id":113537,"href":"https:\/\/juris.antaq.gov.br\/index.php\/wp-json\/wp\/v2\/posts\/113536\/revisions\/113537"}],"wp:attachment":[{"href":"https:\/\/juris.antaq.gov.br\/index.php\/wp-json\/wp\/v2\/media?parent=113536"}],"wp:term":[{"taxonomy":"category","embeddable":true,"href":"https:\/\/juris.antaq.gov.br\/index.php\/wp-json\/wp\/v2\/categories?post=113536"},{"taxonomy":"post_tag","embeddable":true,"href":"https:\/\/juris.antaq.gov.br\/index.php\/wp-json\/wp\/v2\/tags?post=113536"}],"curies":[{"name":"wp","href":"https:\/\/api.w.org\/{rel}","templated":true}]}}