{"id":113538,"date":"2026-03-09T11:38:59","date_gmt":"2026-03-09T14:38:59","guid":{"rendered":"https:\/\/juris.antaq.gov.br\/?p=113538"},"modified":"2026-03-09T11:38:59","modified_gmt":"2026-03-09T14:38:59","slug":"ac-89-2026","status":"publish","type":"post","link":"https:\/\/juris.antaq.gov.br\/index.php\/2026\/03\/09\/ac-89-2026\/","title":{"rendered":"AC-89-2026"},"content":{"rendered":"<p style=\"text-align: justify;\">AC\u00d3RD\u00c3O N\u00ba 89\/2026-ANTAQ<\/p>\n<p style=\"text-align: justify;\">\n1. Processo: 50300.006319\/2019-51<br \/>\n2. Interessado: Ag\u00eancia Nacional de Transportes Aquavi\u00e1rios<br \/>\n3. Relator: Frederico Dias<br \/>\n4. Unidade T\u00e9cnica: Comit\u00ea Estrat\u00e9gico de Governan\u00e7a &#8211; CEG<br \/>\n5. Ac\u00f3rd\u00e3o:<br \/>\nVISTOS, relatados e discutidos os presentes autos que tratam de proposta de altera\u00e7\u00e3o na composi\u00e7\u00e3o do Comit\u00ea Estrat\u00e9gico de Governan\u00e7a (CEG), institu\u00eddo pela Portaria n\u00ba 277\/2019-DG\/ANTAQ, em raz\u00e3o das modifica\u00e7\u00f5es promovidas no Regimento Interno desta Ag\u00eancia pela Resolu\u00e7\u00e3o ANTAQ n\u00ba 116\/2024,<br \/>\nACORDAM os Diretores da Ag\u00eancia Nacional de Transportes Aquavi\u00e1rios, reunidos para a Reuni\u00e3o Ordin\u00e1ria de Diretoria Colegiada de n\u00ba 604, ante as raz\u00f5es expostas pelo Relator, em aprovar a altera\u00e7\u00e3o da Portaria n\u00ba 277\/2019-DG\/ANTAQ, nos termos da Portaria-MINUTA GGGP (SEI 2664009).<br \/>\n6. Data da Reuni\u00e3o: 23 a 25\/02\/2026 &#8211; Virtual.<br \/>\n7. Especifica\u00e7\u00e3o do qu\u00f3rum:<br \/>\n7.1. Diretores presentes: Frederico Dias (Presidente e Relator), Lima Filho, Alber Vasconcelos, Caio Farias e Cristina Castro.<br \/>\nFREDERICO DIAS<br \/>\nDiretor-Geral<br \/>\nPublicado no DOU de 06.03.2026, Se\u00e7\u00e3o I<\/p>\n","protected":false},"excerpt":{"rendered":"<p>AC\u00d3RD\u00c3O N\u00ba 89\/2026-ANTAQ 1. Processo: 50300.006319\/2019-51 2. Interessado: Ag\u00eancia Nacional de Transportes Aquavi\u00e1rios 3. Relator: Frederico Dias 4. Unidade T\u00e9cnica: Comit\u00ea Estrat\u00e9gico de Governan\u00e7a &#8211; CEG 5. Ac\u00f3rd\u00e3o: VISTOS, relatados e discutidos os presentes autos que tratam de proposta de altera\u00e7\u00e3o na composi\u00e7\u00e3o do Comit\u00ea Estrat\u00e9gico de Governan\u00e7a (CEG), institu\u00eddo pela Portaria n\u00ba 277\/2019-DG\/ANTAQ, em&nbsp;&hellip;<\/p>\n","protected":false},"author":17,"featured_media":0,"comment_status":"open","ping_status":"open","sticky":false,"template":"","format":"standard","meta":[],"categories":[50744,39357],"tags":[],"_links":{"self":[{"href":"https:\/\/juris.antaq.gov.br\/index.php\/wp-json\/wp\/v2\/posts\/113538"}],"collection":[{"href":"https:\/\/juris.antaq.gov.br\/index.php\/wp-json\/wp\/v2\/posts"}],"about":[{"href":"https:\/\/juris.antaq.gov.br\/index.php\/wp-json\/wp\/v2\/types\/post"}],"author":[{"embeddable":true,"href":"https:\/\/juris.antaq.gov.br\/index.php\/wp-json\/wp\/v2\/users\/17"}],"replies":[{"embeddable":true,"href":"https:\/\/juris.antaq.gov.br\/index.php\/wp-json\/wp\/v2\/comments?post=113538"}],"version-history":[{"count":1,"href":"https:\/\/juris.antaq.gov.br\/index.php\/wp-json\/wp\/v2\/posts\/113538\/revisions"}],"predecessor-version":[{"id":113539,"href":"https:\/\/juris.antaq.gov.br\/index.php\/wp-json\/wp\/v2\/posts\/113538\/revisions\/113539"}],"wp:attachment":[{"href":"https:\/\/juris.antaq.gov.br\/index.php\/wp-json\/wp\/v2\/media?parent=113538"}],"wp:term":[{"taxonomy":"category","embeddable":true,"href":"https:\/\/juris.antaq.gov.br\/index.php\/wp-json\/wp\/v2\/categories?post=113538"},{"taxonomy":"post_tag","embeddable":true,"href":"https:\/\/juris.antaq.gov.br\/index.php\/wp-json\/wp\/v2\/tags?post=113538"}],"curies":[{"name":"wp","href":"https:\/\/api.w.org\/{rel}","templated":true}]}}