{"id":113562,"date":"2026-03-10T11:16:46","date_gmt":"2026-03-10T14:16:46","guid":{"rendered":"https:\/\/juris.antaq.gov.br\/?p=113562"},"modified":"2026-03-10T11:16:46","modified_gmt":"2026-03-10T14:16:46","slug":"ac-93-2026","status":"publish","type":"post","link":"https:\/\/juris.antaq.gov.br\/index.php\/2026\/03\/10\/ac-93-2026\/","title":{"rendered":"AC-93-2026"},"content":{"rendered":"<p style=\"text-align: justify;\">AC\u00d3RD\u00c3O N\u00ba 93\/2026-ANTAQ<\/p>\n<p style=\"text-align: justify;\">\n1. Processo: 50300.022734\/2025-08<br \/>\n2. Interessados: Cargill Brasil Participa\u00e7\u00f5es Ltda. e Cargill Agr\u00edcola S.A.<br \/>\n3.Relatora: Cristina Castro<br \/>\n4. Unidade T\u00e9cnica: Superintend\u00eancia de Regula\u00e7\u00e3o &#8211; SRG<br \/>\n5. Ac\u00f3rd\u00e3o:<br \/>\nVISTOS, relatados e discutidos os presentes autos, cujo objetivo \u00e9 referendar decis\u00e3o proferida em car\u00e1ter &#8220;ad referendum&#8221;, relativa \u00e0 transfer\u00eancia de titularidade do Contrato de Arrendamento n\u00ba 71\/2025, Terminal PAR15, de titularidade da empresa CARGILL AGR\u00cdCOLA S.A.,<br \/>\nACORDAM os Diretores da Ag\u00eancia Nacional de Transportes Aquavi\u00e1rios, reunidos para a Reuni\u00e3o Ordin\u00e1ria de Diretoria Colegiada de n\u00ba 604, ante as raz\u00f5es expostas pela Relatora, em referendar a Delibera\u00e7\u00e3o-DG 12\/2026, nos seus exatos termos, uma vez que atendidos os requisitos da Resolu\u00e7\u00e3o Antaq n\u00ba 57\/2021.<br \/>\n6. Data da Reuni\u00e3o: 23 a 25\/02\/2026 &#8211; Virtual.<br \/>\n7. Especifica\u00e7\u00e3o do qu\u00f3rum:<br \/>\n7.1. Diretores presentes: Frederico Dias (Presidente), Lima Filho, Alber Vasconcelos, Caio Farias e Cristina Castro (Relatora).<br \/>\nFREDERICO DIAS<br \/>\nDiretor-Geral<br \/>\nPublicado no DOU de 06.03.2026, Se\u00e7\u00e3o I<\/p>\n","protected":false},"excerpt":{"rendered":"<p>AC\u00d3RD\u00c3O N\u00ba 93\/2026-ANTAQ 1. Processo: 50300.022734\/2025-08 2. Interessados: Cargill Brasil Participa\u00e7\u00f5es Ltda. e Cargill Agr\u00edcola S.A. 3.Relatora: Cristina Castro 4. Unidade T\u00e9cnica: Superintend\u00eancia de Regula\u00e7\u00e3o &#8211; SRG 5. Ac\u00f3rd\u00e3o: VISTOS, relatados e discutidos os presentes autos, cujo objetivo \u00e9 referendar decis\u00e3o proferida em car\u00e1ter &#8220;ad referendum&#8221;, relativa \u00e0 transfer\u00eancia de titularidade do Contrato de Arrendamento&nbsp;&hellip;<\/p>\n","protected":false},"author":17,"featured_media":0,"comment_status":"open","ping_status":"open","sticky":false,"template":"","format":"standard","meta":[],"categories":[50744,39357],"tags":[],"_links":{"self":[{"href":"https:\/\/juris.antaq.gov.br\/index.php\/wp-json\/wp\/v2\/posts\/113562"}],"collection":[{"href":"https:\/\/juris.antaq.gov.br\/index.php\/wp-json\/wp\/v2\/posts"}],"about":[{"href":"https:\/\/juris.antaq.gov.br\/index.php\/wp-json\/wp\/v2\/types\/post"}],"author":[{"embeddable":true,"href":"https:\/\/juris.antaq.gov.br\/index.php\/wp-json\/wp\/v2\/users\/17"}],"replies":[{"embeddable":true,"href":"https:\/\/juris.antaq.gov.br\/index.php\/wp-json\/wp\/v2\/comments?post=113562"}],"version-history":[{"count":1,"href":"https:\/\/juris.antaq.gov.br\/index.php\/wp-json\/wp\/v2\/posts\/113562\/revisions"}],"predecessor-version":[{"id":113563,"href":"https:\/\/juris.antaq.gov.br\/index.php\/wp-json\/wp\/v2\/posts\/113562\/revisions\/113563"}],"wp:attachment":[{"href":"https:\/\/juris.antaq.gov.br\/index.php\/wp-json\/wp\/v2\/media?parent=113562"}],"wp:term":[{"taxonomy":"category","embeddable":true,"href":"https:\/\/juris.antaq.gov.br\/index.php\/wp-json\/wp\/v2\/categories?post=113562"},{"taxonomy":"post_tag","embeddable":true,"href":"https:\/\/juris.antaq.gov.br\/index.php\/wp-json\/wp\/v2\/tags?post=113562"}],"curies":[{"name":"wp","href":"https:\/\/api.w.org\/{rel}","templated":true}]}}