{"id":113573,"date":"2026-03-10T11:32:09","date_gmt":"2026-03-10T14:32:09","guid":{"rendered":"https:\/\/juris.antaq.gov.br\/?p=113573"},"modified":"2026-03-10T11:32:37","modified_gmt":"2026-03-10T14:32:37","slug":"ac-98-2026","status":"publish","type":"post","link":"https:\/\/juris.antaq.gov.br\/index.php\/2026\/03\/10\/ac-98-2026\/","title":{"rendered":"AC-98-2026"},"content":{"rendered":"<p style=\"text-align: justify;\">AC\u00d3RD\u00c3O N\u00ba 98\/2026-ANTAQ<\/p>\n<p style=\"text-align: justify;\">1. Processo: 50300.014487\/2025-68<br \/>\n2. Interessado: Portos RS &#8211; Autoridade Portu\u00e1ria dos Portos do Rio Grande do Sul S.A.<br \/>\n3. Relator: Lima Filho<br \/>\n4. Unidade T\u00e9cnica: Superintend\u00eancia de Fiscaliza\u00e7\u00e3o e Coordena\u00e7\u00e3o das Unidades Regionais &#8211; SFC<br \/>\n5. Ac\u00f3rd\u00e3o:<br \/>\nVISTOS, relatados e discutidos os presentes autos que tratam de Recurso de Reconsidera\u00e7\u00e3o em face do Ac\u00f3rd\u00e3o n\u00ba 365\/2025-ANTAQ,<br \/>\nACORDAM os Diretores da Ag\u00eancia Nacional de Transportes Aquavi\u00e1rios, reunidos para a Reuni\u00e3o Ordin\u00e1ria de Diretoria Colegiada de n\u00ba 604, ante as raz\u00f5es expostas pelo Relator, em:<br \/>\n5.1. conhecer do Recurso de Reconsidera\u00e7\u00e3o SEI n\u00ba 2606731, interposto por Portos RS- Autoridade Portu\u00e1ria dos Portos do Rio Grande do Sul S.A. (CNPJ n\u00ba 46.191.353\/0001-17), sem efeito suspensivo, em face da decis\u00e3o consubstanciada no Ac\u00f3rd\u00e3o n\u00ba 365-2025-ANTAQ, posto que atendidos os pressupostos processuais;<br \/>\n5.2. no m\u00e9rito, negar provimento ao Recurso de Reconsidera\u00e7\u00e3o ora interposto, mantendo-se na \u00edntegra o Ac\u00f3rd\u00e3o n\u00ba 365-2025-ANTAQ, publicado no Di\u00e1rio Oficial da Uni\u00e3o n\u00ba 98, de 27 de maio de 2025, nos seus exatos termos, sem efeito suspensivo;<br \/>\n5.3. determinar \u00e0 Superintend\u00eancia de Fiscaliza\u00e7\u00e3o e Coordena\u00e7\u00e3o das Unidades Regionais &#8211; SFC que acompanhe e analise a efetiva destina\u00e7\u00e3o do aporte mencionado e sua correla\u00e7\u00e3o com o referido passivo, para efeitos da exig\u00eancia contida na Resolu\u00e7\u00e3o n\u00ba 4.034 ANTAQ, no \u00e2mbito do Processo n\u00ba 50300.012533\/2025-94, sem preju\u00edzo dos encaminhamentos j\u00e1 realizados ao Tribunal de Contas da Uni\u00e3o e ao Minist\u00e9rio de Portos e Aeroportos; e<br \/>\n5.4. informar a Portos RS &#8211; Autoridade Portu\u00e1ria dos Portos do Rio Grande do Sul S.A. acerca da presente decis\u00e3o.<br \/>\n6. Data da Reuni\u00e3o: 23 a 25\/02\/2026 &#8211; Virtual.<br \/>\n7. Especifica\u00e7\u00e3o do qu\u00f3rum:<br \/>\n7.1. Diretores presentes: Frederico Dias (Presidente), Lima Filho (Relator), Alber Vasconcelos, Caio Farias e Cristina Castro.<br \/>\nFREDERICO DIAS<br \/>\nDiretor-Geral<br \/>\nPublicado no DOU de 06.03.2026, Se\u00e7\u00e3o I<\/p>\n","protected":false},"excerpt":{"rendered":"<p>AC\u00d3RD\u00c3O N\u00ba 98\/2026-ANTAQ 1. Processo: 50300.014487\/2025-68 2. Interessado: Portos RS &#8211; Autoridade Portu\u00e1ria dos Portos do Rio Grande do Sul S.A. 3. Relator: Lima Filho 4. Unidade T\u00e9cnica: Superintend\u00eancia de Fiscaliza\u00e7\u00e3o e Coordena\u00e7\u00e3o das Unidades Regionais &#8211; SFC 5. Ac\u00f3rd\u00e3o: VISTOS, relatados e discutidos os presentes autos que tratam de Recurso de Reconsidera\u00e7\u00e3o em face&nbsp;&hellip;<\/p>\n","protected":false},"author":17,"featured_media":0,"comment_status":"open","ping_status":"open","sticky":false,"template":"","format":"standard","meta":[],"categories":[50744,39357],"tags":[],"_links":{"self":[{"href":"https:\/\/juris.antaq.gov.br\/index.php\/wp-json\/wp\/v2\/posts\/113573"}],"collection":[{"href":"https:\/\/juris.antaq.gov.br\/index.php\/wp-json\/wp\/v2\/posts"}],"about":[{"href":"https:\/\/juris.antaq.gov.br\/index.php\/wp-json\/wp\/v2\/types\/post"}],"author":[{"embeddable":true,"href":"https:\/\/juris.antaq.gov.br\/index.php\/wp-json\/wp\/v2\/users\/17"}],"replies":[{"embeddable":true,"href":"https:\/\/juris.antaq.gov.br\/index.php\/wp-json\/wp\/v2\/comments?post=113573"}],"version-history":[{"count":2,"href":"https:\/\/juris.antaq.gov.br\/index.php\/wp-json\/wp\/v2\/posts\/113573\/revisions"}],"predecessor-version":[{"id":113575,"href":"https:\/\/juris.antaq.gov.br\/index.php\/wp-json\/wp\/v2\/posts\/113573\/revisions\/113575"}],"wp:attachment":[{"href":"https:\/\/juris.antaq.gov.br\/index.php\/wp-json\/wp\/v2\/media?parent=113573"}],"wp:term":[{"taxonomy":"category","embeddable":true,"href":"https:\/\/juris.antaq.gov.br\/index.php\/wp-json\/wp\/v2\/categories?post=113573"},{"taxonomy":"post_tag","embeddable":true,"href":"https:\/\/juris.antaq.gov.br\/index.php\/wp-json\/wp\/v2\/tags?post=113573"}],"curies":[{"name":"wp","href":"https:\/\/api.w.org\/{rel}","templated":true}]}}