{"id":113584,"date":"2026-03-10T11:48:44","date_gmt":"2026-03-10T14:48:44","guid":{"rendered":"https:\/\/juris.antaq.gov.br\/?p=113584"},"modified":"2026-03-10T11:49:21","modified_gmt":"2026-03-10T14:49:21","slug":"ac-102-2026","status":"publish","type":"post","link":"https:\/\/juris.antaq.gov.br\/index.php\/2026\/03\/10\/ac-102-2026\/","title":{"rendered":"AC-102-2026"},"content":{"rendered":"<p style=\"text-align: justify;\">AC\u00d3RD\u00c3O N\u00ba 102\/2026-ANTAQ<\/p>\n<p style=\"text-align: justify;\">1. Processo: 50300.015226\/2024-84<br \/>\n2. Interessado: Cidade Transportes Ltda.<br \/>\n3. Relator: Alber Vasconcelos<br \/>\n4. Unidade T\u00e9cnica: Superintend\u00eancia de Fiscaliza\u00e7\u00e3o e Coordena\u00e7\u00e3o das Unidades Regionais &#8211; SFC<br \/>\n5. Ac\u00f3rd\u00e3o:<br \/>\nVISTOS, relatados e discutidos os presentes autos que tratam de Processo administrativo sancionador desencadeado pela lavratura do Auto de Infra\u00e7\u00e3o n\u00ba 006605-2 (SEI 2308014) em face da empresa Cidade Transportes Ltda., inscrita no CNPJ n\u00ba 06.151.511\/0001-90, em virtude da constata\u00e7\u00e3o da conduta infracional consubstanciada no ato infracional de construir e\/ou explorar instala\u00e7\u00e3o portu\u00e1ria privada sem autoriza\u00e7\u00e3o pr\u00e9via do poder concedente, com tipifica\u00e7\u00e3o tipificada no inciso XII, do art. 37, da Resolu\u00e7\u00e3o ANTAQ n\u00ba 75\/2022,<br \/>\nACORDAM os Diretores da Ag\u00eancia Nacional de Transportes Aquavi\u00e1rios, reunidos para a Reuni\u00e3o Ordin\u00e1ria de Diretoria Colegiada de n\u00ba 604, ante as raz\u00f5es expostas pelo Relator, em:<br \/>\n5.1. declarar insubsistente o Auto de Infra\u00e7\u00e3o n\u00ba 006605-2 (SEI 2308014), lavrado em desfavor da empresa Cidade Transportes Ltda., inscrita no CNPJ n\u00ba 06.151.511\/0001-90, com o arquivamento do presente processo sem aplica\u00e7\u00e3o de penalidade \u00e0 empresa; e<br \/>\n5.2. informar a empresa Cidade Transportes Ltda. da necessidade de regulariza\u00e7\u00e3o da outorga do TUP Sanave.<br \/>\n6. Data da Reuni\u00e3o: 23 a 25\/02\/2026 &#8211; Virtual.<br \/>\n7. Especifica\u00e7\u00e3o do qu\u00f3rum:<br \/>\n7.1. Diretores presentes: Frederico Dias (Presidente), Lima Filho, Alber Vasconcelos (Relator), Caio Farias e Cristina Castro.<br \/>\nFREDERICO DIAS<br \/>\nDiretor-Geral<br \/>\nPublicado no DOU de 06.03.2026, Se\u00e7\u00e3o I<\/p>\n","protected":false},"excerpt":{"rendered":"<p>AC\u00d3RD\u00c3O N\u00ba 102\/2026-ANTAQ 1. Processo: 50300.015226\/2024-84 2. Interessado: Cidade Transportes Ltda. 3. Relator: Alber Vasconcelos 4. Unidade T\u00e9cnica: Superintend\u00eancia de Fiscaliza\u00e7\u00e3o e Coordena\u00e7\u00e3o das Unidades Regionais &#8211; SFC 5. Ac\u00f3rd\u00e3o: VISTOS, relatados e discutidos os presentes autos que tratam de Processo administrativo sancionador desencadeado pela lavratura do Auto de Infra\u00e7\u00e3o n\u00ba 006605-2 (SEI 2308014) em&nbsp;&hellip;<\/p>\n","protected":false},"author":17,"featured_media":0,"comment_status":"open","ping_status":"open","sticky":false,"template":"","format":"standard","meta":[],"categories":[50744,39357],"tags":[],"_links":{"self":[{"href":"https:\/\/juris.antaq.gov.br\/index.php\/wp-json\/wp\/v2\/posts\/113584"}],"collection":[{"href":"https:\/\/juris.antaq.gov.br\/index.php\/wp-json\/wp\/v2\/posts"}],"about":[{"href":"https:\/\/juris.antaq.gov.br\/index.php\/wp-json\/wp\/v2\/types\/post"}],"author":[{"embeddable":true,"href":"https:\/\/juris.antaq.gov.br\/index.php\/wp-json\/wp\/v2\/users\/17"}],"replies":[{"embeddable":true,"href":"https:\/\/juris.antaq.gov.br\/index.php\/wp-json\/wp\/v2\/comments?post=113584"}],"version-history":[{"count":2,"href":"https:\/\/juris.antaq.gov.br\/index.php\/wp-json\/wp\/v2\/posts\/113584\/revisions"}],"predecessor-version":[{"id":113586,"href":"https:\/\/juris.antaq.gov.br\/index.php\/wp-json\/wp\/v2\/posts\/113584\/revisions\/113586"}],"wp:attachment":[{"href":"https:\/\/juris.antaq.gov.br\/index.php\/wp-json\/wp\/v2\/media?parent=113584"}],"wp:term":[{"taxonomy":"category","embeddable":true,"href":"https:\/\/juris.antaq.gov.br\/index.php\/wp-json\/wp\/v2\/categories?post=113584"},{"taxonomy":"post_tag","embeddable":true,"href":"https:\/\/juris.antaq.gov.br\/index.php\/wp-json\/wp\/v2\/tags?post=113584"}],"curies":[{"name":"wp","href":"https:\/\/api.w.org\/{rel}","templated":true}]}}