{"id":113587,"date":"2026-03-10T11:51:11","date_gmt":"2026-03-10T14:51:11","guid":{"rendered":"https:\/\/juris.antaq.gov.br\/?p=113587"},"modified":"2026-03-10T11:51:11","modified_gmt":"2026-03-10T14:51:11","slug":"ac-103-2026","status":"publish","type":"post","link":"https:\/\/juris.antaq.gov.br\/index.php\/2026\/03\/10\/ac-103-2026\/","title":{"rendered":"AC-103-2026"},"content":{"rendered":"<p style=\"text-align: justify;\">AC\u00d3RD\u00c3O N\u00ba 103\/2026-ANTAQ<\/p>\n<p style=\"text-align: justify;\">\n1. Processo: 50300.019718\/2022-87<br \/>\n2. Interessado: LC Terminais Portu\u00e1rios S.A.<br \/>\n3. Relator: Alber Vasconcelos<br \/>\n4. Unidade T\u00e9cnica: Superintend\u00eancia de Outorgas &#8211; SOG<br \/>\n5. Ac\u00f3rd\u00e3o:<br \/>\nVISTOS, relatados e discutidos os presentes autos que tratam de requerimento apresentado pela LC Terminais Portu\u00e1rios S.A., por meio do qual solicita a prorroga\u00e7\u00e3o do prazo estabelecido na Cl\u00e1usula D\u00e9cima S\u00e9tima- Condi\u00e7\u00e3o Suspensiva \u00e0 Comprova\u00e7\u00e3o do Direito de Uso e Frui\u00e7\u00e3o da \u00c1rea, constante do Contrato de Ades\u00e3o n\u00ba 07\/2023-MPOR,<br \/>\nACORDAM os Diretores da Ag\u00eancia Nacional de Transportes Aquavi\u00e1rios, reunidos para a Reuni\u00e3o Ordin\u00e1ria de Diretoria Colegiada de n\u00ba 604, ante as raz\u00f5es expostas pelo Relator, em:<br \/>\n5.1. recomendar ao Minist\u00e9rio de Portos e Aeroportos a celebra\u00e7\u00e3o de aditivo ao contrato, com vistas a estabelecer, por dois anos, o prazo descrito na Cl\u00e1usula D\u00e9cima S\u00e9tima &#8211; Condi\u00e7\u00e3o Suspensiva \u00e0 Comprova\u00e7\u00e3o do Direito de Uso e Frui\u00e7\u00e3o da \u00c1rea, constante do Contrato de Ades\u00e3o n\u00ba 07\/2023-MPOR;<br \/>\n5.2. encaminhar c\u00f3pia dos presentes autos ao Minist\u00e9rio de Portos e Aeroportos para eventuais provid\u00eancias; e<br \/>\n5.3. comunicar a interessada acerca da presente decis\u00e3o.<br \/>\n6. Data da Reuni\u00e3o: 23 a 25\/02\/2026 &#8211; Virtual.<br \/>\n7. Especifica\u00e7\u00e3o do qu\u00f3rum:<br \/>\n7.1. Diretores presentes: Frederico Dias (Presidente), Lima Filho, Alber Vasconcelos (Relator), Caio Farias e Cristina Castro.<br \/>\nFREDERICO DIAS<br \/>\nDiretor-Geral<br \/>\nPublicado no DOU de 06.03.2026, Se\u00e7\u00e3o I<\/p>\n","protected":false},"excerpt":{"rendered":"<p>AC\u00d3RD\u00c3O N\u00ba 103\/2026-ANTAQ 1. Processo: 50300.019718\/2022-87 2. Interessado: LC Terminais Portu\u00e1rios S.A. 3. Relator: Alber Vasconcelos 4. Unidade T\u00e9cnica: Superintend\u00eancia de Outorgas &#8211; SOG 5. Ac\u00f3rd\u00e3o: VISTOS, relatados e discutidos os presentes autos que tratam de requerimento apresentado pela LC Terminais Portu\u00e1rios S.A., por meio do qual solicita a prorroga\u00e7\u00e3o do prazo estabelecido na Cl\u00e1usula&nbsp;&hellip;<\/p>\n","protected":false},"author":17,"featured_media":0,"comment_status":"open","ping_status":"open","sticky":false,"template":"","format":"standard","meta":[],"categories":[50744,39357],"tags":[],"_links":{"self":[{"href":"https:\/\/juris.antaq.gov.br\/index.php\/wp-json\/wp\/v2\/posts\/113587"}],"collection":[{"href":"https:\/\/juris.antaq.gov.br\/index.php\/wp-json\/wp\/v2\/posts"}],"about":[{"href":"https:\/\/juris.antaq.gov.br\/index.php\/wp-json\/wp\/v2\/types\/post"}],"author":[{"embeddable":true,"href":"https:\/\/juris.antaq.gov.br\/index.php\/wp-json\/wp\/v2\/users\/17"}],"replies":[{"embeddable":true,"href":"https:\/\/juris.antaq.gov.br\/index.php\/wp-json\/wp\/v2\/comments?post=113587"}],"version-history":[{"count":1,"href":"https:\/\/juris.antaq.gov.br\/index.php\/wp-json\/wp\/v2\/posts\/113587\/revisions"}],"predecessor-version":[{"id":113588,"href":"https:\/\/juris.antaq.gov.br\/index.php\/wp-json\/wp\/v2\/posts\/113587\/revisions\/113588"}],"wp:attachment":[{"href":"https:\/\/juris.antaq.gov.br\/index.php\/wp-json\/wp\/v2\/media?parent=113587"}],"wp:term":[{"taxonomy":"category","embeddable":true,"href":"https:\/\/juris.antaq.gov.br\/index.php\/wp-json\/wp\/v2\/categories?post=113587"},{"taxonomy":"post_tag","embeddable":true,"href":"https:\/\/juris.antaq.gov.br\/index.php\/wp-json\/wp\/v2\/tags?post=113587"}],"curies":[{"name":"wp","href":"https:\/\/api.w.org\/{rel}","templated":true}]}}