{"id":113589,"date":"2026-03-10T13:53:57","date_gmt":"2026-03-10T16:53:57","guid":{"rendered":"https:\/\/juris.antaq.gov.br\/?p=113589"},"modified":"2026-03-10T13:54:41","modified_gmt":"2026-03-10T16:54:41","slug":"ac-104-2026","status":"publish","type":"post","link":"https:\/\/juris.antaq.gov.br\/index.php\/2026\/03\/10\/ac-104-2026\/","title":{"rendered":"AC-104-2026"},"content":{"rendered":"<p style=\"text-align: justify;\">AC\u00d3RD\u00c3O N\u00ba 104\/2026-ANTAQ<\/p>\n<p style=\"text-align: justify;\">1. Processo: 50300.026112\/2025-41<br \/>\n2. Interessados: Ecoporto Santos S.A., Termares Terminais Mar\u00edtimos Especializados Ltda. e Brasil Terminal Portuario S.A.<br \/>\n3. Relator: Alber Vasconcelos<br \/>\n4. Unidade T\u00e9cnica: Superintend\u00eancia de Fiscaliza\u00e7\u00e3o e Coordena\u00e7\u00e3o das Unidades Regionais &#8211; SFC<br \/>\n5. Ac\u00f3rd\u00e3o:<br \/>\nVISTOS, relatados e discutidos os presentes autos que tratam de pedido de medida cautelar administrativa, protocolada pelas empresas Ecoporto Santos S.A. e Termares Terminais Mar\u00edtimos Especializados Ltda., por meio da Peti\u00e7\u00e3o 2730550 e seus anexos, em face de Brasil Terminal Portu\u00e1rio S.A., contestando cobran\u00e7as supostamente indevidas da taxa de &#8220;entrega postergada&#8221;,<br \/>\nACORDAM os Diretores da Ag\u00eancia Nacional de Transportes Aquavi\u00e1rios, reunidos para a Reuni\u00e3o Ordin\u00e1ria de Diretoria Colegiada de n\u00ba 604, ante as raz\u00f5es expostas pelo Relator, em:<br \/>\n5.1. conhecer a den\u00fancia com pedido de medida cautelar apresentada pelas empresas Ecoporto Santos S.A. e Termares Terminais Mar\u00edtimos Especializados Ltda.;<br \/>\n5.2. indeferir o pedido de medida cautelar, uma vez que n\u00e3o foram identificados os pressupostos estabelecidos no art. 40 da Resolu\u00e7\u00e3o ANTAQ n\u00ba 66\/2022;<br \/>\n5.3. determinar \u00e0 SFC que seja apurado o m\u00e9rito da den\u00fancia, observadas as disposi\u00e7\u00f5es regulamentares aplic\u00e1veis; e<br \/>\n5.4. comunicar as partes interessadas da presente decis\u00e3o.<br \/>\n6. Data da Reuni\u00e3o: 23 a 25\/02\/2026 &#8211; Virtual.<br \/>\n7. Especifica\u00e7\u00e3o do qu\u00f3rum:<br \/>\n7.1. Diretores presentes: Frederico Dias (Presidente), Lima Filho, Alber Vasconcelos (Relator), Caio Farias e Cristina Castro.<br \/>\nFREDERICO DIAS<br \/>\nDiretor-Geral<br \/>\nPublicado no DOU de 06.03.2026, Se\u00e7\u00e3o I<\/p>\n","protected":false},"excerpt":{"rendered":"<p>AC\u00d3RD\u00c3O N\u00ba 104\/2026-ANTAQ 1. Processo: 50300.026112\/2025-41 2. Interessados: Ecoporto Santos S.A., Termares Terminais Mar\u00edtimos Especializados Ltda. e Brasil Terminal Portuario S.A. 3. Relator: Alber Vasconcelos 4. Unidade T\u00e9cnica: Superintend\u00eancia de Fiscaliza\u00e7\u00e3o e Coordena\u00e7\u00e3o das Unidades Regionais &#8211; SFC 5. Ac\u00f3rd\u00e3o: VISTOS, relatados e discutidos os presentes autos que tratam de pedido de medida cautelar administrativa,&nbsp;&hellip;<\/p>\n","protected":false},"author":17,"featured_media":0,"comment_status":"open","ping_status":"open","sticky":false,"template":"","format":"standard","meta":[],"categories":[50744,39357],"tags":[],"_links":{"self":[{"href":"https:\/\/juris.antaq.gov.br\/index.php\/wp-json\/wp\/v2\/posts\/113589"}],"collection":[{"href":"https:\/\/juris.antaq.gov.br\/index.php\/wp-json\/wp\/v2\/posts"}],"about":[{"href":"https:\/\/juris.antaq.gov.br\/index.php\/wp-json\/wp\/v2\/types\/post"}],"author":[{"embeddable":true,"href":"https:\/\/juris.antaq.gov.br\/index.php\/wp-json\/wp\/v2\/users\/17"}],"replies":[{"embeddable":true,"href":"https:\/\/juris.antaq.gov.br\/index.php\/wp-json\/wp\/v2\/comments?post=113589"}],"version-history":[{"count":2,"href":"https:\/\/juris.antaq.gov.br\/index.php\/wp-json\/wp\/v2\/posts\/113589\/revisions"}],"predecessor-version":[{"id":113591,"href":"https:\/\/juris.antaq.gov.br\/index.php\/wp-json\/wp\/v2\/posts\/113589\/revisions\/113591"}],"wp:attachment":[{"href":"https:\/\/juris.antaq.gov.br\/index.php\/wp-json\/wp\/v2\/media?parent=113589"}],"wp:term":[{"taxonomy":"category","embeddable":true,"href":"https:\/\/juris.antaq.gov.br\/index.php\/wp-json\/wp\/v2\/categories?post=113589"},{"taxonomy":"post_tag","embeddable":true,"href":"https:\/\/juris.antaq.gov.br\/index.php\/wp-json\/wp\/v2\/tags?post=113589"}],"curies":[{"name":"wp","href":"https:\/\/api.w.org\/{rel}","templated":true}]}}