{"id":113592,"date":"2026-03-10T14:24:48","date_gmt":"2026-03-10T17:24:48","guid":{"rendered":"https:\/\/juris.antaq.gov.br\/?p=113592"},"modified":"2026-03-10T14:25:12","modified_gmt":"2026-03-10T17:25:12","slug":"ac-105-2026","status":"publish","type":"post","link":"https:\/\/juris.antaq.gov.br\/index.php\/2026\/03\/10\/ac-105-2026\/","title":{"rendered":"AC-105-2026"},"content":{"rendered":"<p style=\"text-align: justify;\">AC\u00d3RD\u00c3O N\u00ba 105\/2026-ANTAQ<\/p>\n<p style=\"text-align: justify;\">1. Processo: 50300.028458\/2025-83<br \/>\n2. Interessados: Brasnile Industrial Ltda. e Maersk Brasil Brasmar Ltda.<br \/>\n3. Relator: Alber Vasconcelos<br \/>\n3.1. Redator: Caio Farias<br \/>\n4. Unidade T\u00e9cnica: Superintend\u00eancia de Fiscaliza\u00e7\u00e3o e Coordena\u00e7\u00e3o das Unidades Regionais &#8211; SFC<br \/>\n5. Ac\u00f3rd\u00e3o:<br \/>\nVISTOS, relatados e discutidos os presentes autos que tratam de den\u00fancia com pedido de medida cautelar administrativa formulada por Brasnile Industrial Ltda. (CNPJ n\u00ba 78.549.615\/0001-69) em face de Maersk Brasil Brasmar Ltda. (CNPJ n\u00ba 30.259.220\/000286), por suposta cobran\u00e7a irregular de sobre-estadia (detention) e amea\u00e7a de bloqueio de carga,<br \/>\nACORDAM os Diretores da Ag\u00eancia Nacional de Transportes Aquavi\u00e1rios, reunidos para a Reuni\u00e3o Ordin\u00e1ria de Diretoria Colegiada de n\u00ba 604, ante as raz\u00f5es expostas pelo Redator, em:<br \/>\n5.1. conhecer da presente den\u00fancia, posto que atendidos os requisitos de admissibilidade;<br \/>\n5.2. deferir a medida cautelar pleiteada para determinar a suspens\u00e3o das faturas de cobran\u00e7a n\u00ba 752416987 (BL n\u00ba 243871646) e n\u00ba 7534167277 (BL n\u00ba 248323273), uma vez que presentes os requisitos previstos no art. 40 da Resolu\u00e7\u00e3o ANTAQ n\u00ba 66\/2022;<br \/>\n5.3. determinar \u00e0 denunciada que se abstenha de incluir a denunciante em listas restritivas (&#8220;blacklist&#8221;) ou de adotar bloqueios em embarques em raz\u00e3o das cobran\u00e7as das faturas suspensas por meio desta delibera\u00e7\u00e3o;<br \/>\n5.4. determinar \u00e0 Superintend\u00eancia de Fiscaliza\u00e7\u00e3o e Coordena\u00e7\u00e3o das Unidades Regionais a instaura\u00e7\u00e3o de processo de fiscaliza\u00e7\u00e3o extraordin\u00e1ria, com a finalidade de apurar o m\u00e9rito da den\u00fancia, submetendo-o previamente ao Rito Sum\u00e1rio previsto no item 5.4 do Ac\u00f3rd\u00e3o n\u00ba 521-2025\/ANTAQ; e<br \/>\n5.5. comunicar as partes interessadas acerca da presente decis\u00e3o.<br \/>\n6. Data da Reuni\u00e3o: 23 a 25\/02\/2026 &#8211; Virtual.<br \/>\n7. Especifica\u00e7\u00e3o do qu\u00f3rum:<br \/>\n7.1. Diretores presentes: Frederico Dias (Presidente), Lima Filho, Alber Vasconcelos (Relator), Caio Farias (Redator) e Cristina Castro.<br \/>\n7.2. Diretor com voto vencido: Alber Vasconcelos.<br \/>\nFREDERICO DIAS<br \/>\nDiretor-Geral<br \/>\nPublicado no DOU de 06.03.2026, Se\u00e7\u00e3o I<\/p>\n","protected":false},"excerpt":{"rendered":"<p>AC\u00d3RD\u00c3O N\u00ba 105\/2026-ANTAQ 1. Processo: 50300.028458\/2025-83 2. Interessados: Brasnile Industrial Ltda. e Maersk Brasil Brasmar Ltda. 3. Relator: Alber Vasconcelos 3.1. Redator: Caio Farias 4. Unidade T\u00e9cnica: Superintend\u00eancia de Fiscaliza\u00e7\u00e3o e Coordena\u00e7\u00e3o das Unidades Regionais &#8211; SFC 5. Ac\u00f3rd\u00e3o: VISTOS, relatados e discutidos os presentes autos que tratam de den\u00fancia com pedido de medida cautelar&nbsp;&hellip;<\/p>\n","protected":false},"author":17,"featured_media":0,"comment_status":"open","ping_status":"open","sticky":false,"template":"","format":"standard","meta":[],"categories":[50744,39357],"tags":[],"_links":{"self":[{"href":"https:\/\/juris.antaq.gov.br\/index.php\/wp-json\/wp\/v2\/posts\/113592"}],"collection":[{"href":"https:\/\/juris.antaq.gov.br\/index.php\/wp-json\/wp\/v2\/posts"}],"about":[{"href":"https:\/\/juris.antaq.gov.br\/index.php\/wp-json\/wp\/v2\/types\/post"}],"author":[{"embeddable":true,"href":"https:\/\/juris.antaq.gov.br\/index.php\/wp-json\/wp\/v2\/users\/17"}],"replies":[{"embeddable":true,"href":"https:\/\/juris.antaq.gov.br\/index.php\/wp-json\/wp\/v2\/comments?post=113592"}],"version-history":[{"count":2,"href":"https:\/\/juris.antaq.gov.br\/index.php\/wp-json\/wp\/v2\/posts\/113592\/revisions"}],"predecessor-version":[{"id":113594,"href":"https:\/\/juris.antaq.gov.br\/index.php\/wp-json\/wp\/v2\/posts\/113592\/revisions\/113594"}],"wp:attachment":[{"href":"https:\/\/juris.antaq.gov.br\/index.php\/wp-json\/wp\/v2\/media?parent=113592"}],"wp:term":[{"taxonomy":"category","embeddable":true,"href":"https:\/\/juris.antaq.gov.br\/index.php\/wp-json\/wp\/v2\/categories?post=113592"},{"taxonomy":"post_tag","embeddable":true,"href":"https:\/\/juris.antaq.gov.br\/index.php\/wp-json\/wp\/v2\/tags?post=113592"}],"curies":[{"name":"wp","href":"https:\/\/api.w.org\/{rel}","templated":true}]}}