{"id":113619,"date":"2026-03-10T14:53:25","date_gmt":"2026-03-10T17:53:25","guid":{"rendered":"https:\/\/juris.antaq.gov.br\/?p=113619"},"modified":"2026-03-10T14:53:25","modified_gmt":"2026-03-10T17:53:25","slug":"ac-116-2026","status":"publish","type":"post","link":"https:\/\/juris.antaq.gov.br\/index.php\/2026\/03\/10\/ac-116-2026\/","title":{"rendered":"AC-116-2026"},"content":{"rendered":"<p style=\"text-align: justify;\">AC\u00d3RD\u00c3O N\u00ba 116\/2026-ANTAQ<\/p>\n<p style=\"text-align: justify;\">\n1. Processo: 50300.029933\/2025-39<br \/>\n2. Interessados: Companhia Docas do Par\u00e1 (CDP) e Portocem Gera\u00e7\u00e3o de Energia S.A.<br \/>\n3. Relator: Caio Farias<br \/>\n4. Unidade T\u00e9cnica: Superintend\u00eancia de Outorgas &#8211; SOG<br \/>\n5. Ac\u00f3rd\u00e3o:<br \/>\nVISTOS, relatados e discutidos os presentes autos que tratam da solicita\u00e7\u00e3o de autoriza\u00e7\u00e3o para celebra\u00e7\u00e3o de Contrato de Passagem entre Companhia Docas do Par\u00e1 (CDP) e a empresa Portocem Gera\u00e7\u00e3o de Energia S.A.,<br \/>\nACORDAM os Diretores da Ag\u00eancia Nacional de Transportes Aquavi\u00e1rios, reunidos para a Reuni\u00e3o Ordin\u00e1ria de Diretoria Colegiada de n\u00ba 604, ante as raz\u00f5es expostas pelo Relator, em:<br \/>\n5.1. autorizar a celebra\u00e7\u00e3o do Contrato de Passagem entre a CDP e a empresa Portocem Gera\u00e7\u00e3o de Energia S.A., para uso de \u00e1rea subterr\u00e2nea estimada em 490 m\u00b2 no Porto Organizado de Vila do Conde, nos termos da minuta final saneada;<br \/>\n5.2. determinar \u00e0 Autoridade Portu\u00e1ria que, por ocasi\u00e3o da assinatura do instrumento contratual, proceda \u00e0 atualiza\u00e7\u00e3o do valor de remunera\u00e7\u00e3o, utilizando o referencial de R$ 3,48\/m\u00b2 (base outubro\/2021) corrigido pelo IPCA at\u00e9 a data da efetiva formaliza\u00e7\u00e3o, em observ\u00e2ncia aos princ\u00edpios da isonomia e da razoabilidade;<br \/>\n5.3. cientificar a Superintend\u00eancia de Outorgas (SOG) para que coordene junto \u00e0 CDP a formaliza\u00e7\u00e3o dos termos finais do instrumento, garantindo a inclus\u00e3o das prerrogativas da ANTAQ quanto \u00e0 eventual transfer\u00eancia do contrato;<br \/>\n5.4. estabelecer que a CDP dever\u00e1 encaminhar a esta Ag\u00eancia uma c\u00f3pia do contrato devidamente assinado, no prazo de at\u00e9 30 (trinta) dias ap\u00f3s a sua formaliza\u00e7\u00e3o, para fins de registro e fiscaliza\u00e7\u00e3o; e<br \/>\n5.5. cientificar as interessadas acerca da presente decis\u00e3o.<br \/>\n6. Data da Reuni\u00e3o: 23 a 25\/02\/2026 &#8211; Virtual.<br \/>\n7. Especifica\u00e7\u00e3o do qu\u00f3rum:<br \/>\n7.1. Diretores presentes: Frederico Dias (Presidente), Lima Filho, Alber<br \/>\nVasconcelos, Caio Farias (Relator) e Cristina Castro.<br \/>\nFREDERICO DIAS<br \/>\nDiretor-Geral<br \/>\nPublicado no DOU de 06.03.2026, Se\u00e7\u00e3o I<\/p>\n","protected":false},"excerpt":{"rendered":"<p>AC\u00d3RD\u00c3O N\u00ba 116\/2026-ANTAQ 1. Processo: 50300.029933\/2025-39 2. Interessados: Companhia Docas do Par\u00e1 (CDP) e Portocem Gera\u00e7\u00e3o de Energia S.A. 3. Relator: Caio Farias 4. Unidade T\u00e9cnica: Superintend\u00eancia de Outorgas &#8211; SOG 5. Ac\u00f3rd\u00e3o: VISTOS, relatados e discutidos os presentes autos que tratam da solicita\u00e7\u00e3o de autoriza\u00e7\u00e3o para celebra\u00e7\u00e3o de Contrato de Passagem entre Companhia Docas&nbsp;&hellip;<\/p>\n","protected":false},"author":17,"featured_media":0,"comment_status":"open","ping_status":"open","sticky":false,"template":"","format":"standard","meta":[],"categories":[50744,39357],"tags":[],"_links":{"self":[{"href":"https:\/\/juris.antaq.gov.br\/index.php\/wp-json\/wp\/v2\/posts\/113619"}],"collection":[{"href":"https:\/\/juris.antaq.gov.br\/index.php\/wp-json\/wp\/v2\/posts"}],"about":[{"href":"https:\/\/juris.antaq.gov.br\/index.php\/wp-json\/wp\/v2\/types\/post"}],"author":[{"embeddable":true,"href":"https:\/\/juris.antaq.gov.br\/index.php\/wp-json\/wp\/v2\/users\/17"}],"replies":[{"embeddable":true,"href":"https:\/\/juris.antaq.gov.br\/index.php\/wp-json\/wp\/v2\/comments?post=113619"}],"version-history":[{"count":1,"href":"https:\/\/juris.antaq.gov.br\/index.php\/wp-json\/wp\/v2\/posts\/113619\/revisions"}],"predecessor-version":[{"id":113620,"href":"https:\/\/juris.antaq.gov.br\/index.php\/wp-json\/wp\/v2\/posts\/113619\/revisions\/113620"}],"wp:attachment":[{"href":"https:\/\/juris.antaq.gov.br\/index.php\/wp-json\/wp\/v2\/media?parent=113619"}],"wp:term":[{"taxonomy":"category","embeddable":true,"href":"https:\/\/juris.antaq.gov.br\/index.php\/wp-json\/wp\/v2\/categories?post=113619"},{"taxonomy":"post_tag","embeddable":true,"href":"https:\/\/juris.antaq.gov.br\/index.php\/wp-json\/wp\/v2\/tags?post=113619"}],"curies":[{"name":"wp","href":"https:\/\/api.w.org\/{rel}","templated":true}]}}