{"id":13456,"date":"2015-11-27T14:24:57","date_gmt":"2015-11-27T17:24:57","guid":{"rendered":"https:\/\/antaq.wordpress.com\/?p=13456"},"modified":"2021-12-06T14:35:00","modified_gmt":"2021-12-06T17:35:00","slug":"2740-12","status":"publish","type":"post","link":"https:\/\/juris.antaq.gov.br\/index.php\/2015\/11\/27\/2740-12\/","title":{"rendered":"2740-12"},"content":{"rendered":"<p style=\"text-align: justify;\">RESOLU\u00c7\u00c3O N\u00ba 2.740 &#8211; ANTAQ, DE 7 DE DEZEMBRO DE 2012.<\/p>\n<p style=\"text-align: justify;\">Indefere o pedido formulado pelo Porto de\u00a0Recife S\/A para celebrar contrato de uso\u00a0tempor\u00e1rio com a empresa Centro de Abastecimento\u00a0e Log\u00edstica de Pernambuco &#8211;\u00a0CEASA.<\/p>\n<p style=\"text-align: justify;\">O DIRETOR-GERAL EM EXERC\u00cdCIO DA AG\u00caNCIA\u00a0NACIONAL DE TRANSPORTES AQUAVI\u00c1RIOS &#8211; ANTAQ, no\u00a0uso da compet\u00eancia que lhe \u00e9 conferida pelo <a title=\"IV - expedir os atos administrativos de compet\u00eancia da ANTAQ; \" href=\"http:\/\/pesquisa.in.gov.br\/imprensa\/jsp\/visualiza\/index.jsp?data=19\/10\/2006&amp;jornal=1&amp;pagina=54&amp;totalArquivos=64\" target=\"_blank\" rel=\"noopener noreferrer\">art. 54, inciso\u00a0IV<\/a>, do\u00a0Regimento Interno, considerando o que consta do processo n\u00ba\u00a050300.000997\/2012-33 e tendo em vista o que foi deliberado na 328\u00aa\u00a0Reuni\u00e3o Ordin\u00e1ria da Diretoria, realizada em 29 de novembro de\u00a02012, resolve:<br \/>\nArt. 1\u00ba Indeferir o pedido formulado pelo Porto de Recife\u00a0S\/A para celebrar contrato de uso tempor\u00e1rio com a empresa Centro\u00a0de Abastecimento e Log\u00edstica de Pernambuco &#8211; CEASA, visando a\u00a0utiliza\u00e7\u00e3o de \u00e1reas localizadas no Porto, indicadas no Plano de Desenvolvimento\u00a0e Zoneamento do Porto, com dimens\u00e3o total de\u00a07.012 m\u00b2 (sete mil e doze metros quadrados), destinados \u00e0 movimenta\u00e7\u00e3o\u00a0e armazenagens de cargas &#8211; gran\u00e9is s\u00f3lidos de origem\u00a0vegetal n\u00e3o consolidadas no Porto.<br \/>\nArt. 2\u00ba Esta Resolu\u00e7\u00e3o entra em vigor na data de sua publica\u00e7\u00e3o\u00a0no Di\u00e1rio Oficial da Uni\u00e3o.<br \/>\nTIAGO PEREIRA LIMA<br \/>\nDiretor-Geral em exerc\u00edcio<br \/>\n<a href=\"http:\/\/pesquisa.in.gov.br\/imprensa\/jsp\/visualiza\/index.jsp?data=17\/12\/2012&amp;jornal=1&amp;pagina=1&amp;totalArquivos=136\">Publicada no DOU de 17\/12\/2012, se\u00e7\u00e3o I<\/a><\/p>\n","protected":false},"excerpt":{"rendered":"<p>RESOLU\u00c7\u00c3O N\u00ba 2.740 &#8211; ANTAQ, DE 7 DE DEZEMBRO DE 2012. Indefere o pedido formulado pelo Porto de\u00a0Recife S\/A para celebrar contrato de uso\u00a0tempor\u00e1rio com a empresa Centro de Abastecimento\u00a0e Log\u00edstica de Pernambuco &#8211;\u00a0CEASA. O DIRETOR-GERAL EM EXERC\u00cdCIO DA AG\u00caNCIA\u00a0NACIONAL DE TRANSPORTES AQUAVI\u00c1RIOS &#8211; ANTAQ, no\u00a0uso da compet\u00eancia que lhe \u00e9 conferida pelo art. 54,&nbsp;&hellip;<\/p>\n","protected":false},"author":1,"featured_media":0,"comment_status":"closed","ping_status":"open","sticky":false,"template":"","format":"standard","meta":[],"categories":[30038,28931],"tags":[1027,1890,716,1511,517,30039,12625,12626],"_links":{"self":[{"href":"https:\/\/juris.antaq.gov.br\/index.php\/wp-json\/wp\/v2\/posts\/13456"}],"collection":[{"href":"https:\/\/juris.antaq.gov.br\/index.php\/wp-json\/wp\/v2\/posts"}],"about":[{"href":"https:\/\/juris.antaq.gov.br\/index.php\/wp-json\/wp\/v2\/types\/post"}],"author":[{"embeddable":true,"href":"https:\/\/juris.antaq.gov.br\/index.php\/wp-json\/wp\/v2\/users\/1"}],"replies":[{"embeddable":true,"href":"https:\/\/juris.antaq.gov.br\/index.php\/wp-json\/wp\/v2\/comments?post=13456"}],"version-history":[{"count":1,"href":"https:\/\/juris.antaq.gov.br\/index.php\/wp-json\/wp\/v2\/posts\/13456\/revisions"}],"predecessor-version":[{"id":83445,"href":"https:\/\/juris.antaq.gov.br\/index.php\/wp-json\/wp\/v2\/posts\/13456\/revisions\/83445"}],"wp:attachment":[{"href":"https:\/\/juris.antaq.gov.br\/index.php\/wp-json\/wp\/v2\/media?parent=13456"}],"wp:term":[{"taxonomy":"category","embeddable":true,"href":"https:\/\/juris.antaq.gov.br\/index.php\/wp-json\/wp\/v2\/categories?post=13456"},{"taxonomy":"post_tag","embeddable":true,"href":"https:\/\/juris.antaq.gov.br\/index.php\/wp-json\/wp\/v2\/tags?post=13456"}],"curies":[{"name":"wp","href":"https:\/\/api.w.org\/{rel}","templated":true}]}}