{"id":14845,"date":"2015-12-17T13:43:12","date_gmt":"2015-12-17T16:43:12","guid":{"rendered":"https:\/\/antaq.wordpress.com\/2015\/12\/17\/2183-11\/"},"modified":"2021-12-06T14:34:59","modified_gmt":"2021-12-06T17:34:59","slug":"2183-11","status":"publish","type":"post","link":"https:\/\/juris.antaq.gov.br\/index.php\/2015\/12\/17\/2183-11\/","title":{"rendered":"2183-11"},"content":{"rendered":"<p style=\"text-align:justify;\">RESOLU\u00c7\u00c3O N\u00ba 2.183-ANTAQ, DE 29 DE JULHO DE 2011.<\/p>\n<p style=\"text-align:justify;\">APROVA AS MODIFICA\u00c7\u00d5ES DOS\u00a0INSTRUMENTOS LEGAIS PARA O\u00a0ARRENDAMENTO DE \u00c1REA E\u00a0INSTALA\u00c7\u00d5ES PORTU\u00c1RIAS N\u00c3O\u00a0OPERACIONAIS, INSERIDO NO\u00a0PROJETO DE REVITALIZA\u00c7\u00c3O DO\u00a0PORTO DO RECIFE &#8211; PE, E D\u00c1 OUTRA\u00a0PROVID\u00caNCIA.<\/p>\n<p style=\"text-align:justify;\">O DIRETOR-GERAL DA AG\u00caNCIA NACIONAL DE TRANSPORTES\u00a0AQUAVI\u00c1RIOS-ANTAQ, no uso da compet\u00eancia que lhe \u00e9 conferida pelo <a title=\"IV - expedir os atos administrativos de compet\u00eancia da ANTAQ; \" href=\"http:\/\/pesquisa.in.gov.br\/imprensa\/jsp\/visualiza\/index.jsp?data=19\/10\/2006&amp;jornal=1&amp;pagina=54&amp;totalArquivos=64\" target=\"_blank\" rel=\"noopener noreferrer\">art. 54, inciso\u00a0IV<\/a>\u00a0do Regimento Interno, considerando o que consta do Processo n\u00ba\u00a050300.002181\/2007-87, ad referendum da Diretoria Colegiada,<br \/>\nResolve:<br \/>\nArt. 1\u00ba Aprovar as modifica\u00e7\u00f5es dos instrumentos legais para o\u00a0arrendamento de \u00e1rea e instala\u00e7\u00f5es portu\u00e1rias n\u00e3o operacionais, em conformidade\u00a0com o Estudo de Viabilidade T\u00e9cnica e Econ\u00f4mica-EVTE, relativo ao projeto de\u00a0revitaliza\u00e7\u00e3o do Porto de Recife S.A., denominado Complexo Integrado Comercial,\u00a0Hoteleiro, de Conven\u00e7\u00f5es e Exporta\u00e7\u00f5es-REVAP.<br \/>\nArt. 2\u00ba Determinar que o Porto de Recife encaminhe ao Conselho de\u00a0Autoridade Portu\u00e1ria-CAP, proposi\u00e7\u00e3o para altera\u00e7\u00e3o do Plano de Desenvolvimento e\u00a0Zoneamento-PDZ, com a finalidade de adequ\u00e1-lo \u00e0 destina\u00e7\u00e3o proposta no EVTE\u00a0apresentado.<br \/>\nArt. 3\u00ba Esta Resolu\u00e7\u00e3o entra em vigor na data de sua publica\u00e7\u00e3o no Di\u00e1rio\u00a0Oficial de Uni\u00e3o.<br \/>\nFERNANDO ANTONIO BRITO FIALHO<br \/>\nDiretor-Geral<br \/>\n<a href=\"http:\/\/pesquisa.in.gov.br\/imprensa\/jsp\/visualiza\/index.jsp?data=01\/08\/2011&amp;jornal=1&amp;pagina=108&amp;totalArquivos=148\">Publicada no DOU de 1\u00ba\/08\/2011, se\u00e7\u00e3o I<\/a><\/p>\n","protected":false},"excerpt":{"rendered":"<p>RESOLU\u00c7\u00c3O N\u00ba 2.183-ANTAQ, DE 29 DE JULHO DE 2011. APROVA AS MODIFICA\u00c7\u00d5ES DOS\u00a0INSTRUMENTOS LEGAIS PARA O\u00a0ARRENDAMENTO DE \u00c1REA E\u00a0INSTALA\u00c7\u00d5ES PORTU\u00c1RIAS N\u00c3O\u00a0OPERACIONAIS, INSERIDO NO\u00a0PROJETO DE REVITALIZA\u00c7\u00c3O DO\u00a0PORTO DO RECIFE &#8211; PE, E D\u00c1 OUTRA\u00a0PROVID\u00caNCIA. O DIRETOR-GERAL DA AG\u00caNCIA NACIONAL DE TRANSPORTES\u00a0AQUAVI\u00c1RIOS-ANTAQ, no uso da compet\u00eancia que lhe \u00e9 conferida pelo art. 54, inciso\u00a0IV\u00a0do Regimento Interno, considerando&nbsp;&hellip;<\/p>\n","protected":false},"author":1,"featured_media":0,"comment_status":"closed","ping_status":"open","sticky":false,"template":"","format":"standard","meta":[],"categories":[22715],"tags":[3949,502,1511,517,22859,12625,12626],"_links":{"self":[{"href":"https:\/\/juris.antaq.gov.br\/index.php\/wp-json\/wp\/v2\/posts\/14845"}],"collection":[{"href":"https:\/\/juris.antaq.gov.br\/index.php\/wp-json\/wp\/v2\/posts"}],"about":[{"href":"https:\/\/juris.antaq.gov.br\/index.php\/wp-json\/wp\/v2\/types\/post"}],"author":[{"embeddable":true,"href":"https:\/\/juris.antaq.gov.br\/index.php\/wp-json\/wp\/v2\/users\/1"}],"replies":[{"embeddable":true,"href":"https:\/\/juris.antaq.gov.br\/index.php\/wp-json\/wp\/v2\/comments?post=14845"}],"version-history":[{"count":1,"href":"https:\/\/juris.antaq.gov.br\/index.php\/wp-json\/wp\/v2\/posts\/14845\/revisions"}],"predecessor-version":[{"id":83441,"href":"https:\/\/juris.antaq.gov.br\/index.php\/wp-json\/wp\/v2\/posts\/14845\/revisions\/83441"}],"wp:attachment":[{"href":"https:\/\/juris.antaq.gov.br\/index.php\/wp-json\/wp\/v2\/media?parent=14845"}],"wp:term":[{"taxonomy":"category","embeddable":true,"href":"https:\/\/juris.antaq.gov.br\/index.php\/wp-json\/wp\/v2\/categories?post=14845"},{"taxonomy":"post_tag","embeddable":true,"href":"https:\/\/juris.antaq.gov.br\/index.php\/wp-json\/wp\/v2\/tags?post=14845"}],"curies":[{"name":"wp","href":"https:\/\/api.w.org\/{rel}","templated":true}]}}