{"id":19039,"date":"2016-02-23T08:53:41","date_gmt":"2016-02-23T11:53:41","guid":{"rendered":"https:\/\/antaq.wordpress.com\/2016\/02\/23\/962-08\/"},"modified":"2016-02-23T08:53:41","modified_gmt":"2016-02-23T11:53:41","slug":"962-08","status":"publish","type":"post","link":"https:\/\/juris.antaq.gov.br\/index.php\/2016\/02\/23\/962-08\/","title":{"rendered":"962-08"},"content":{"rendered":"<p style=\"text-align:justify;\">RESOLU\u00c7\u00c3O N\u00ba 962 &#8211; ANTAQ, DE 15 DE JANEIRO DE 2008.<\/p>\n<p style=\"text-align:justify;\">DECLARA EXTINTA, POR CADUCIDADE,\u00a0A AUTORIZA\u00c7\u00c3O OUTORGADA \u00c0\u00a0EMPRESA EISA &#8211; ESTALEIRO ITAJA\u00cd\u00a0S\/A. PARA EXPLORAR O TERMINAL DE\u00a0USO PRIVATIVO, NA MODALIDADE DE\u00a0USO EXCLUSIVO, LOCALIZADO NA\u00a0MARGEM DIREITA DO RIO ITAJA\u00cd-A\u00c7U,\u00a0NA RUA HERTHA THIEME, ITAJA\u00cd &#8211; SC.<\/p>\n<p style=\"text-align:justify;\">O DIRETOR-GERAL DA AG\u00caNCIA NACIONAL DE TRANSPORTES\u00a0AQUAVI\u00c1RIOS-ANTAQ, no uso da compet\u00eancia que lhe \u00e9 conferida pelo <a title=\"IV - expedir os atos administrativos de compet\u00eancia da ANTAQ; \" href=\"http:\/\/pesquisa.in.gov.br\/imprensa\/jsp\/visualiza\/index.jsp?data=19\/10\/2006&amp;jornal=1&amp;pagina=54&amp;totalArquivos=64\">inciso IV, do art. 54<\/a>, do Regimento Interno, considerando o que consta dos Processos n\u00bas.\u00a050300.000026\/2007-26 e 50000.000441\/2000 e o que foi deliberado pela Diretoria\u00a0em sua 204\u00aa Reuni\u00e3o Ordin\u00e1ria, realizada em 15 de janeiro de 2008,<br \/>\nRESOLVE:<br \/>\nArt. 1\u00ba Declarar extinta, por caducidade, a autoriza\u00e7\u00e3o outorgada por\u00a0meio do Contrato de Ades\u00e3o MT\/DP n\u00ba 92, de 24 de outubro de 2000, \u00e0 EISA &#8211;\u00a0ESTALEIRO ITAJA\u00cd S\/A., CNPJ n\u00ba 00.355.092\/0001-22, com sede na rua Hertha\u00a0Thieme, n\u00ba 244, Itaja\u00ed-SC, para explora\u00e7\u00e3o do terminal de uso privativo, na\u00a0modalidade de uso exclusivo, localizado na margem direita do Rio Itaja\u00ed-A\u00e7u, na rua\u00a0Hertha Thieme, Itaja\u00ed &#8211; SC.<br \/>\nArt. 2\u00ba Informar que a empresa n\u00e3o poder\u00e1 pleitear nova autoriza\u00e7\u00e3o\u00a0pelo prazo de 5 (cinco) anos, por for\u00e7a do <a title=\"Art. 78-J.  N\u00e3o poder\u00e1 participar de licita\u00e7\u00e3o ou receber outorga de concess\u00e3o ou permiss\u00e3o, e bem assim ter deferida autoriza\u00e7\u00e3o, a empresa proibida de licitar ou contratar com o Poder P\u00fablico, que tenha sido declarada inid\u00f4nea ou tenha sido punida nos cinco anos anteriores com a pena de cassa\u00e7\u00e3o ou, ainda, que tenha sido titular de concess\u00e3o ou permiss\u00e3o objeto de caducidade no mesmo per\u00edodo.        (Inclu\u00eddo pela Medida Provis\u00f3ria n\u00ba 2.217-3, de 4.9.2001) \" href=\"http:\/\/legislacao.planalto.gov.br\/legisla\/legislacao.nsf\/Viw_Identificacao\/lei%2010.233-2001?OpenDocument\">art. 78-J<\/a>, da <a href=\"http:\/\/legislacao.planalto.gov.br\/legisla\/legislacao.nsf\/Viw_Identificacao\/lei%2010.233-2001?OpenDocument\" target=\"_blank\" rel=\"noopener noreferrer\">Lei n\u00ba 10.233<\/a>, de 5 de junho\u00a0de 2001, alterada pela <a href=\"http:\/\/legislacao.planalto.gov.br\/legisla\/legislacao.nsf\/Viw_Identificacao\/mpv%202.217-3-2001?OpenDocument\" target=\"_blank\" rel=\"noopener noreferrer\">Medida Provis\u00f3ria n\u00ba 2.217-3<\/a>, de 2001.<br \/>\nArt. 3\u00ba Esta Resolu\u00e7\u00e3o entra em vigor na data de sua publica\u00e7\u00e3o no\u00a0Di\u00e1rio Oficial da Uni\u00e3o.<br \/>\nFERNANDO ANTONIO BRITO FIALHO<br \/>\nDiretor-Geral<br \/>\n<a href=\"http:\/\/pesquisa.in.gov.br\/imprensa\/jsp\/visualiza\/index.jsp?data=18\/01\/2008&amp;jornal=1&amp;pagina=118&amp;totalArquivos=128\">Publicada no DOU de 18\/01\/2008, Se\u00e7\u00e3o I<\/a><\/p>\n","protected":false},"excerpt":{"rendered":"<p>RESOLU\u00c7\u00c3O N\u00ba 962 &#8211; ANTAQ, DE 15 DE JANEIRO DE 2008. DECLARA EXTINTA, POR CADUCIDADE,\u00a0A AUTORIZA\u00c7\u00c3O OUTORGADA \u00c0\u00a0EMPRESA EISA &#8211; ESTALEIRO ITAJA\u00cd\u00a0S\/A. PARA EXPLORAR O TERMINAL DE\u00a0USO PRIVATIVO, NA MODALIDADE DE\u00a0USO EXCLUSIVO, LOCALIZADO NA\u00a0MARGEM DIREITA DO RIO ITAJA\u00cd-A\u00c7U,\u00a0NA RUA HERTHA THIEME, ITAJA\u00cd &#8211; SC. O DIRETOR-GERAL DA AG\u00caNCIA NACIONAL DE TRANSPORTES\u00a0AQUAVI\u00c1RIOS-ANTAQ, no uso da compet\u00eancia&nbsp;&hellip;<\/p>\n","protected":false},"author":2,"featured_media":0,"comment_status":"closed","ping_status":"open","sticky":false,"template":"","format":"standard","meta":[],"categories":[27375,27376,27377,27378,26542,27379],"tags":[59,16,75],"_links":{"self":[{"href":"https:\/\/juris.antaq.gov.br\/index.php\/wp-json\/wp\/v2\/posts\/19039"}],"collection":[{"href":"https:\/\/juris.antaq.gov.br\/index.php\/wp-json\/wp\/v2\/posts"}],"about":[{"href":"https:\/\/juris.antaq.gov.br\/index.php\/wp-json\/wp\/v2\/types\/post"}],"author":[{"embeddable":true,"href":"https:\/\/juris.antaq.gov.br\/index.php\/wp-json\/wp\/v2\/users\/2"}],"replies":[{"embeddable":true,"href":"https:\/\/juris.antaq.gov.br\/index.php\/wp-json\/wp\/v2\/comments?post=19039"}],"version-history":[{"count":0,"href":"https:\/\/juris.antaq.gov.br\/index.php\/wp-json\/wp\/v2\/posts\/19039\/revisions"}],"wp:attachment":[{"href":"https:\/\/juris.antaq.gov.br\/index.php\/wp-json\/wp\/v2\/media?parent=19039"}],"wp:term":[{"taxonomy":"category","embeddable":true,"href":"https:\/\/juris.antaq.gov.br\/index.php\/wp-json\/wp\/v2\/categories?post=19039"},{"taxonomy":"post_tag","embeddable":true,"href":"https:\/\/juris.antaq.gov.br\/index.php\/wp-json\/wp\/v2\/tags?post=19039"}],"curies":[{"name":"wp","href":"https:\/\/api.w.org\/{rel}","templated":true}]}}