{"id":32026,"date":"2016-06-23T10:03:06","date_gmt":"2016-06-23T13:03:06","guid":{"rendered":"https:\/\/antaq.wordpress.com\/?p=32026"},"modified":"2016-06-23T10:03:06","modified_gmt":"2016-06-23T13:03:06","slug":"despacho-de-julgamento-no-352014uremn","status":"publish","type":"post","link":"https:\/\/juris.antaq.gov.br\/index.php\/2016\/06\/23\/despacho-de-julgamento-no-352014uremn\/","title":{"rendered":"Despacho de Julgamento n\u00ba 35\/2014\/UREMN"},"content":{"rendered":"<p style=\"text-align:justify;\">DESPACHO DE JULGAMENTO DJUL N\u00ba 035\/2014-UARMN<\/p>\n<p style=\"text-align:justify;\">APLICA PENALIDADE DE MULTA \u00c0 EMPRESA\u00a0M DE SOUSA EIRELLI \u2013 ME (EX &#8211; MATOS &amp;\u00a0SOUSA LTDA \u2013 ME)<\/p>\n<p style=\"text-align:justify;\">Fiscalizada: M DE SOUSA EIRELLI \u2013 ME (EX &#8211; MATOS &amp; SOUSA LTDA \u2013 ME)<br \/>\nCNPJ: 08.291.886\/0001-81<br \/>\nProcesso n\u00ba: 50306.000675\/2014-12<br \/>\nAuto de Infra\u00e7\u00e3o n\u00ba 000550-9<\/p>\n<p style=\"text-align:justify;\">A CHEFE DA UNIDADE REGIONAL DE MANAUS \u2013 UREMN, DA AG\u00caNCIA NACIONAL\u00a0DE TRANSPORTES AQUAVI\u00c1RIOS &#8211; ANTAQ, no uso das atribui\u00e7\u00f5es que lhe s\u00e3o conferidas pelo\u00a0Regimento Interno, e ap\u00f3s apurados os fatos constatados no Processo Administrativo Contencioso\u00a0Simplificado n\u00ba 50306.000675\/2014-12, instaurado para apurar as irregularidades constatadas no\u00a0Auto de Infra\u00e7\u00e3o n\u00ba 000550-9, decide por aplicar a penalidade de MULTA PECUNI\u00c1RIA no valor de\u00a0R$ 1.000,00 (mil reais) \u00e0 Empresa M DE SOUSA EIRELLI \u2013 ME (EX &#8211; MATOS &amp; SOUSA LTDA \u2013 ME),\u00a0CNPJ 08.291.886\/0001-81, em raz\u00e3o do cometimento da infra\u00e7\u00e3o prevista no <a title=\"II - deixar de informar, em at\u00e9 30 (trinta) dias ap\u00f3s a ocorr\u00eancia do fato, mudan\u00e7as de endere\u00e7o, substitui\u00e7\u00e3o de administradores, altera\u00e7\u00f5es e\/ou transfer\u00eancias de controle societ\u00e1rio, altera\u00e7\u00f5es patrimoniais relevantes e altera\u00e7\u00f5es de qualquer tipo na frota em opera\u00e7\u00e3o, inclusive perda de validade do CSN de quaisquer de suas embarca\u00e7\u00f5es (Multa de at\u00e9 R$ 1.000,00); \" href=\"http:\/\/pesquisa.in.gov.br\/imprensa\/jsp\/visualiza\/index.jsp?data=28\/11\/2007&amp;jornal=1&amp;pagina=170&amp;totalArquivos=216\">inciso II do artigo 20<\/a>\u00a0da <a href=\"http:\/\/pesquisa.in.gov.br\/imprensa\/jsp\/visualiza\/index.jsp?data=28\/11\/2007&amp;jornal=1&amp;pagina=168&amp;totalArquivos=216\" target=\"_blank\" rel=\"noopener noreferrer\">Resolu\u00e7\u00e3o n\u00ba 912-ANTAQ<\/a>.<\/p>\n<p style=\"text-align:justify;\">Manaus, 30 de setembro de 2014.<\/p>\n<p style=\"text-align:justify;\">Danielle Felipe de Carvalho<br \/>\nChefe da Unidade Regional de Manaus \u2013 UREMN<\/p>\n<p style=\"text-align:justify;\">Publicado no <a href=\"http:\/\/pesquisa.in.gov.br\/imprensa\/jsp\/visualiza\/index.jsp?jornal=1&amp;pagina=74&amp;data=31\/12\/2014\" target=\"_blank\" rel=\"noopener noreferrer\">DOU de 31\/12\/2014, se\u00e7\u00e3o I<\/a><\/p>\n","protected":false},"excerpt":{"rendered":"<p>DESPACHO DE JULGAMENTO DJUL N\u00ba 035\/2014-UARMN APLICA PENALIDADE DE MULTA \u00c0 EMPRESA\u00a0M DE SOUSA EIRELLI \u2013 ME (EX &#8211; MATOS &amp;\u00a0SOUSA LTDA \u2013 ME) Fiscalizada: M DE SOUSA EIRELLI \u2013 ME (EX &#8211; MATOS &amp; SOUSA LTDA \u2013 ME) CNPJ: 08.291.886\/0001-81 Processo n\u00ba: 50306.000675\/2014-12 Auto de Infra\u00e7\u00e3o n\u00ba 000550-9 A CHEFE DA UNIDADE REGIONAL DE&nbsp;&hellip;<\/p>\n","protected":false},"author":1,"featured_media":0,"comment_status":"closed","ping_status":"open","sticky":false,"template":"","format":"standard","meta":[],"categories":[9900],"tags":[9954,9955,8352,9912,9956,8554,63,7633,5263,1000,2102],"_links":{"self":[{"href":"https:\/\/juris.antaq.gov.br\/index.php\/wp-json\/wp\/v2\/posts\/32026"}],"collection":[{"href":"https:\/\/juris.antaq.gov.br\/index.php\/wp-json\/wp\/v2\/posts"}],"about":[{"href":"https:\/\/juris.antaq.gov.br\/index.php\/wp-json\/wp\/v2\/types\/post"}],"author":[{"embeddable":true,"href":"https:\/\/juris.antaq.gov.br\/index.php\/wp-json\/wp\/v2\/users\/1"}],"replies":[{"embeddable":true,"href":"https:\/\/juris.antaq.gov.br\/index.php\/wp-json\/wp\/v2\/comments?post=32026"}],"version-history":[{"count":0,"href":"https:\/\/juris.antaq.gov.br\/index.php\/wp-json\/wp\/v2\/posts\/32026\/revisions"}],"wp:attachment":[{"href":"https:\/\/juris.antaq.gov.br\/index.php\/wp-json\/wp\/v2\/media?parent=32026"}],"wp:term":[{"taxonomy":"category","embeddable":true,"href":"https:\/\/juris.antaq.gov.br\/index.php\/wp-json\/wp\/v2\/categories?post=32026"},{"taxonomy":"post_tag","embeddable":true,"href":"https:\/\/juris.antaq.gov.br\/index.php\/wp-json\/wp\/v2\/tags?post=32026"}],"curies":[{"name":"wp","href":"https:\/\/api.w.org\/{rel}","templated":true}]}}