{"id":32088,"date":"2016-06-23T10:24:00","date_gmt":"2016-06-23T13:24:00","guid":{"rendered":"https:\/\/antaq.wordpress.com\/2016\/06\/23\/despacho-de-julgamento-no-202013uremn\/"},"modified":"2016-06-23T10:24:00","modified_gmt":"2016-06-23T13:24:00","slug":"despacho-de-julgamento-no-202013uremn","status":"publish","type":"post","link":"https:\/\/juris.antaq.gov.br\/index.php\/2016\/06\/23\/despacho-de-julgamento-no-202013uremn\/","title":{"rendered":"Despacho de Julgamento n\u00ba 20\/2013\/UREMN"},"content":{"rendered":"<p style=\"text-align:justify;\">DESPACHO DE JULGAMENTO DJUL N\u00ba 020\/2013-UARMN<\/p>\n<p style=\"text-align:justify;\">APLICA PENALIDADE DE MULTA A EMPRESA\u00a0JOSE L NOGUEIRA NAVEGA\u00c7\u00c3O E CIA\u00a0LTDA.<\/p>\n<p style=\"text-align:justify;\">Fiscalizada: JOSE L NOGUEIRA NAVEGA\u00c7\u00c3O E CIA LTDA<br \/>\nCNPJ: 10.182.145\/0001-04<br \/>\nProcesso n\u00ba: 50306.000939\/2013-31<\/p>\n<p style=\"text-align:justify;\">O CHEFE DA UNIDADE ADMINISTRATIVA REGIONAL DE MANAUS-UARMN DA\u00a0AG\u00caNCIA NACIONAL DE TRANSPORTES AQUAVI\u00c1RIOS-ANTAQ, no uso da compet\u00eancia que lhe\u00a0\u00e9 conferida pelo <a title=\"Art. 6\u00ba S\u00e3o atribui\u00e7\u00f5es do Chefe da Unidade Administrativa: I - planejar, dirigir, coordenar, orientar e gerenciar a execu\u00e7\u00e3o das atividades da Unidade Administrativa Regional, especialmente quanto \u00e0 qualidade, custos, cronogramas, desempenho dos executores e condi\u00e7\u00f5es de trabalho; II - propor os programas de trabalho, com as respectivas estimativas de recursos humanos, f\u00edsicos e financeiros; III - promover a obten\u00e7\u00e3o de informa\u00e7\u00f5es t\u00e9cnicas necess\u00e1rias ao desenvolvimento das atividades da Unidade Administrativa Regional. \" href=\"http:\/\/pesquisa.in.gov.br\/imprensa\/jsp\/visualiza\/index.jsp?data=26\/09\/2006&amp;jornal=1&amp;pagina=62&amp;totalArquivos=72\">art. 6\u00ba<\/a>\u00a0da <a href=\"http:\/\/pesquisa.in.gov.br\/imprensa\/jsp\/visualiza\/index.jsp?data=26\/09\/2006&amp;jornal=1&amp;pagina=62&amp;totalArquivos=72\">Resolu\u00e7\u00e3o n\u00ba 635-ANTAQ<\/a> de 20 de setembro de 2006 e com fundamento no <a title=\"Art. 64-A S\u00e3o atribui\u00e7\u00f5es dos Chefes das Unidades Administrativas Regionais (NR): V - propor a aplica\u00e7\u00e3o de penalidades e aplicar penalidades no \u00e2mbito de suas compet\u00eancias; (NR) \" href=\"http:\/\/pesquisa.in.gov.br\/imprensa\/jsp\/visualiza\/index.jsp?data=30\/04\/2008&amp;jornal=1&amp;pagina=200&amp;totalArquivos=212\">art. 64-A inciso V<\/a> do Regimento Interno e <a title=\"Art. 26 As Ger\u00eancias de Fiscaliza\u00e7\u00e3o e os Chefes das UAR ser\u00e3o os respons\u00e1veis, em suas esferas de compet\u00eancia, pela instaura\u00e7\u00e3o e julgamento dos processos administrativos contenciosos que objetivem a apura\u00e7\u00e3o de infra\u00e7\u00f5es pun\u00edveis com as penalidades de advert\u00eancia e multa at\u00e9 o valor de R$ 50.000,00 (cinquenta mil reais), observados os tr\u00e2mites constantes dos arts. 60 a 64 desta Norma. \" href=\"http:\/\/pesquisa.in.gov.br\/imprensa\/jsp\/visualiza\/index.jsp?data=19\/02\/2008&amp;jornal=1&amp;pagina=53&amp;totalArquivos=64\">art. 26<\/a>\u00a0da <a href=\"http:\/\/pesquisa.in.gov.br\/imprensa\/jsp\/visualiza\/index.jsp?data=19\/02\/2008&amp;jornal=1&amp;pagina=52&amp;totalArquivos=64\" target=\"_blank\" rel=\"noopener noreferrer\">Resolu\u00e7\u00e3o n\u00ba 987-ANTAQ<\/a> de 2008, \u00e0 vista dos elementos\u00a0constantes no Relat\u00f3rio Final da autoridade processante do Processo n\u00ba 50306.000939\/2013-31.<br \/>\nRESOLVE:<br \/>\n1. Aplicar a penalidade de MULTA no valor de R$ 3.300,00 ( tr\u00eas mil e trezentos reais) \u00e0 empresa\u00a0JOSE L NOGUEIRA NAVEGA\u00c7\u00c3O E CIA LTDA CNPJ 10.182.145\/0001-04 com sede na Rua S\u00e3o\u00a0Jos\u00e9, 535-A S\u00e3o Jorge \u2013 Manaus \u2013 AM CEP 69033-080 na forma do <a title=\" I - advert\u00eancia; (Inclu\u00eddo pela Medida Provis\u00f3ria n\u00ba 2.217-3, de 4.9.2001) \" href=\"http:\/\/legislacao.planalto.gov.br\/legisla\/legislacao.nsf\/Viw_Identificacao\/lei%2010.233-2001?OpenDocument\">inciso I<\/a>, do <a title=\"Art. 78-A. A infra\u00e7\u00e3o a esta Lei e o descumprimento dos deveres estabelecidos no contrato de concess\u00e3o, no termo de permiss\u00e3o e na autoriza\u00e7\u00e3o sujeitar\u00e1 o respons\u00e1vel \u00e0s seguintes san\u00e7\u00f5es, aplic\u00e1veis pela ANTT e pela ANTAQ, sem preju\u00edzo das de natureza civil e penal: (Inclu\u00eddo pela Medida Provis\u00f3ria n\u00ba 2.217-3, de 4.9.2001) \" href=\"http:\/\/legislacao.planalto.gov.br\/legisla\/legislacao.nsf\/Viw_Identificacao\/lei%2010.233-2001?OpenDocument\">art. 78-A<\/a>, da <a href=\"http:\/\/legislacao.planalto.gov.br\/legisla\/legislacao.nsf\/Viw_Identificacao\/lei%2010.233-2001?OpenDocument\" target=\"_blank\" rel=\"noopener noreferrer\">Lei n\u00ba 10.233<\/a>, de 05 de junho de 2001, com a reda\u00e7\u00e3o dada pela <a href=\"http:\/\/legislacao.planalto.gov.br\/legisla\/legislacao.nsf\/Viw_Identificacao\/mpv%202.217-3-2001?OpenDocument\" target=\"_blank\" rel=\"noopener noreferrer\">Medida Provis\u00f3ria n\u00ba 2.217-3<\/a>, de 4 de\u00a0setembro de 2001, considerando o inciso o <a title=\"I - advert\u00eancia; \" href=\"http:\/\/pesquisa.in.gov.br\/imprensa\/jsp\/visualiza\/index.jsp?data=19\/02\/2008&amp;jornal=1&amp;pagina=55&amp;totalArquivos=64\">art. 66 inciso I<\/a> e <a title=\"Art. 68 A penalidade de advert\u00eancia ser\u00e1 cab\u00edvel sempre que o ato praticado n\u00e3o seja suficiente para a consuma\u00e7\u00e3o da infra\u00e7\u00e3o ou de cuja pr\u00e1tica n\u00e3o seja poss\u00edvel resultar dano ao patrim\u00f4nio p\u00fablico, aos servi\u00e7os, a pessoas ou bens. \" href=\"http:\/\/pesquisa.in.gov.br\/imprensa\/jsp\/visualiza\/index.jsp?data=19\/02\/2008&amp;jornal=1&amp;pagina=55&amp;totalArquivos=64\">art. 68<\/a> da <a href=\"http:\/\/pesquisa.in.gov.br\/imprensa\/jsp\/visualiza\/index.jsp?data=19\/02\/2008&amp;jornal=1&amp;pagina=52&amp;totalArquivos=64\" target=\"_blank\" rel=\"noopener noreferrer\">Resolu\u00e7\u00e3o n\u00ba 987-ANTAQ<\/a>, de\u00a014 de fevereiro de 2008, por infring\u00eancia ao disposto no art. 20 inciso <a title=\"XXIII - deixar de prestar informa\u00e7\u00f5es de natureza t\u00e9cnica, operacional, econ\u00f4mica, financeira, jur\u00eddica e cont\u00e1bil, vinculadas \u00e0 autoriza\u00e7\u00e3o, nos prazos que lhe forem assinalados, ou ainda, omitir, retardar ou, por qualquer forma, prejudicar o fornecimento das referidas informa\u00e7\u00f5es (Multa de at\u00e9 R$ 3.000,00); \" href=\"http:\/\/pesquisa.in.gov.br\/imprensa\/jsp\/visualiza\/index.jsp?data=28\/11\/2007&amp;jornal=1&amp;pagina=171&amp;totalArquivos=216\">XXIII<\/a>, <a title=\"XXIV - deixar de apresentar documentos solicitados pela ANTAQ, ou ainda, omitir, retardar ou, por qualquer forma, prejudicar o fornecimento dos referidos documentos (Multa de at\u00e9 R$ 3.000,00); \" href=\"http:\/\/pesquisa.in.gov.br\/imprensa\/jsp\/visualiza\/index.jsp?data=28\/11\/2007&amp;jornal=1&amp;pagina=171&amp;totalArquivos=216\">XXIV<\/a>\u00a0e <a title=\"XXXIII - cessar a presta\u00e7\u00e3o do servi\u00e7o autorizado sem pr\u00e9via comunica\u00e7\u00e3o \u00e0 ANTAQ (Multa de at\u00e9 R$ 5.000,00); \" href=\"http:\/\/pesquisa.in.gov.br\/imprensa\/jsp\/visualiza\/index.jsp?data=28\/11\/2007&amp;jornal=1&amp;pagina=171&amp;totalArquivos=216\">XXXIII<\/a> da <a href=\"http:\/\/pesquisa.in.gov.br\/imprensa\/jsp\/visualiza\/index.jsp?data=28\/11\/2007&amp;jornal=1&amp;pagina=168&amp;totalArquivos=216\" target=\"_blank\" rel=\"noopener noreferrer\">Resolu\u00e7\u00e3o n\u00ba 912-ANTAQ<\/a> de 23 de novembro de 2007. (alterada pela <a href=\"http:\/\/pesquisa.in.gov.br\/imprensa\/jsp\/visualiza\/index.jsp?data=27\/04\/2011&amp;jornal=1&amp;pagina=97&amp;totalArquivos=212\">Resolu\u00e7\u00e3o n\u00ba 2.030-ANTAQ<\/a>, de 25 de abril de 2011 e pela <a href=\"http:\/\/pesquisa.in.gov.br\/imprensa\/jsp\/visualiza\/index.jsp?jornal=1&amp;pagina=86&amp;data=17\/04\/2012\">Resolu\u00e7\u00e3o n\u00ba 2.444-ANTAQ<\/a>, de 04 de abril de 2012.<br \/>\n2. Esta penalidade entra em vigor na data de sua publica\u00e7\u00e3o no Di\u00e1rio Oficial da Uni\u00e3o.<\/p>\n<p style=\"text-align:justify;\">Manaus, 20 de agosto de 2013.<\/p>\n<p style=\"text-align:justify;\">AGLAIR CRUZ DE CARVALHO<br \/>\nChefe da Unidade Administrativa Regional de Manaus<\/p>\n<p style=\"text-align:justify;\">Publicada no <a href=\"http:\/\/pesquisa.in.gov.br\/imprensa\/jsp\/visualiza\/index.jsp?jornal=1&amp;pagina=45&amp;data=04\/10\/2013\">DOU de 04\/10\/2013, se\u00e7\u00e3o I<\/a><\/p>\n","protected":false},"excerpt":{"rendered":"<p>DESPACHO DE JULGAMENTO DJUL N\u00ba 020\/2013-UARMN APLICA PENALIDADE DE MULTA A EMPRESA\u00a0JOSE L NOGUEIRA NAVEGA\u00c7\u00c3O E CIA\u00a0LTDA. Fiscalizada: JOSE L NOGUEIRA NAVEGA\u00c7\u00c3O E CIA LTDA CNPJ: 10.182.145\/0001-04 Processo n\u00ba: 50306.000939\/2013-31 O CHEFE DA UNIDADE ADMINISTRATIVA REGIONAL DE MANAUS-UARMN DA\u00a0AG\u00caNCIA NACIONAL DE TRANSPORTES AQUAVI\u00c1RIOS-ANTAQ, no uso da compet\u00eancia que lhe\u00a0\u00e9 conferida pelo art. 6\u00ba\u00a0da Resolu\u00e7\u00e3o n\u00ba&nbsp;&hellip;<\/p>\n","protected":false},"author":1,"featured_media":0,"comment_status":"closed","ping_status":"open","sticky":false,"template":"","format":"standard","meta":[],"categories":[9857],"tags":[9886,9859,7716,9887,9873,74,16,75,63,9861,9862,9888,9889,9863,9864,1746,6106,999,1000,9865,131,7844,123,2102],"_links":{"self":[{"href":"https:\/\/juris.antaq.gov.br\/index.php\/wp-json\/wp\/v2\/posts\/32088"}],"collection":[{"href":"https:\/\/juris.antaq.gov.br\/index.php\/wp-json\/wp\/v2\/posts"}],"about":[{"href":"https:\/\/juris.antaq.gov.br\/index.php\/wp-json\/wp\/v2\/types\/post"}],"author":[{"embeddable":true,"href":"https:\/\/juris.antaq.gov.br\/index.php\/wp-json\/wp\/v2\/users\/1"}],"replies":[{"embeddable":true,"href":"https:\/\/juris.antaq.gov.br\/index.php\/wp-json\/wp\/v2\/comments?post=32088"}],"version-history":[{"count":0,"href":"https:\/\/juris.antaq.gov.br\/index.php\/wp-json\/wp\/v2\/posts\/32088\/revisions"}],"wp:attachment":[{"href":"https:\/\/juris.antaq.gov.br\/index.php\/wp-json\/wp\/v2\/media?parent=32088"}],"wp:term":[{"taxonomy":"category","embeddable":true,"href":"https:\/\/juris.antaq.gov.br\/index.php\/wp-json\/wp\/v2\/categories?post=32088"},{"taxonomy":"post_tag","embeddable":true,"href":"https:\/\/juris.antaq.gov.br\/index.php\/wp-json\/wp\/v2\/tags?post=32088"}],"curies":[{"name":"wp","href":"https:\/\/api.w.org\/{rel}","templated":true}]}}