{"id":32456,"date":"2016-06-24T11:00:59","date_gmt":"2016-06-24T14:00:59","guid":{"rendered":"https:\/\/antaq.wordpress.com\/2016\/06\/24\/despacho-de-julgamento-no-172014uresl\/"},"modified":"2016-06-24T11:00:59","modified_gmt":"2016-06-24T14:00:59","slug":"despacho-de-julgamento-no-172014uresl","status":"publish","type":"post","link":"https:\/\/juris.antaq.gov.br\/index.php\/2016\/06\/24\/despacho-de-julgamento-no-172014uresl\/","title":{"rendered":"Despacho de julgamento n\u00ba 17\/2014\/URESL"},"content":{"rendered":"<p style=\"text-align:justify;\">DESPACHO DE JULGAMENTO\u00a0DJUL N\u00ba 17-2014-UARSL<\/p>\n<p style=\"text-align:justify;\">Fiscalizada: SD\u00a0MOTORES PE\u00c7AS E MANUTEN\u00c7\u00c3O LTDA<br \/>\nCNPJ: 08.430.935\/0001-10<br \/>\nProcesso n\u00ba: 50308.000310\/2014-51<\/p>\n<p style=\"text-align:justify;\">O CHEFE DA UNIDADE ADMINISTRATIVA REGIONAL DE S\u00c3O LU\u00cdS DA AG\u00caNCIA NACIONAL\u00a0DE TRANSPORTES AQUAVI\u00c1RIOS &#8211; ANTAQ, no uso das atribui\u00e7\u00f5es que lhe s\u00e3o conferidas pelo\u00a0Regimento Interno, conforme an\u00e1lise dos fatos apurados no Parecer T\u00e9cnico Instrut\u00f3rio n\u00ba\u00a0001\/2014-UARSL, constante do Processo n\u00ba 50308.000310\/2014-51 com posterior lavratura do\u00a0Auto de Infra\u00e7\u00e3o n\u00ba 000595-9, decide por aplicar a penalidade de ADVERT\u00caNCIA \u00e0 empresa SD\u00a0MOTORES PE\u00c7AS E MANUTEN\u00c7\u00c3O LTDA, CNPJ n\u00ba 08.430.935\/0001-10, pelo cometimento de\u00a0infra\u00e7\u00e3o prevista no <a title=\"III - n\u00e3o informar, em at\u00e9 30 (trinta) dias ap\u00f3s a ocorr\u00eancia do fato, altera\u00e7\u00f5es de qualquer tipo na frota em opera\u00e7\u00e3o, inclusive perda da validade do CSN de qualquer das embarca\u00e7\u00f5es (Multa de at\u00e9 R$ 5.000,00); \" href=\"http:\/\/pesquisa.in.gov.br\/imprensa\/jsp\/visualiza\/index.jsp?data=17\/08\/2007&amp;jornal=1&amp;pagina=94&amp;totalArquivos=120\">artigo 23, inciso III<\/a>, da <a href=\"http:\/\/pesquisa.in.gov.br\/imprensa\/jsp\/visualiza\/index.jsp?data=17\/08\/2007&amp;jornal=1&amp;pagina=92&amp;totalArquivos=120\">Resolu\u00e7\u00e3o n\u00ba 843-ANTAQ<\/a> de 14 de agosto de 2007.<\/p>\n<p style=\"text-align:justify;\">S\u00e3o Lu\u00eds, 30 de maio de 2014.<\/p>\n<p style=\"text-align:justify;\">Marcelo Castelo de Carvalho<br \/>\nChefe da Unidade Administrativa Regional de S\u00e3o Lu\u00eds<\/p>\n<p style=\"text-align:justify;\">Publicado no <a href=\"http:\/\/pesquisa.in.gov.br\/imprensa\/jsp\/visualiza\/index.jsp?jornal=1&amp;pagina=2&amp;data=28\/08\/2014\">DOU de 28\/08\/2014, se\u00e7\u00e3o I<\/a><\/p>\n","protected":false},"excerpt":{"rendered":"<p>DESPACHO DE JULGAMENTO\u00a0DJUL N\u00ba 17-2014-UARSL Fiscalizada: SD\u00a0MOTORES PE\u00c7AS E MANUTEN\u00c7\u00c3O LTDA CNPJ: 08.430.935\/0001-10 Processo n\u00ba: 50308.000310\/2014-51 O CHEFE DA UNIDADE ADMINISTRATIVA REGIONAL DE S\u00c3O LU\u00cdS DA AG\u00caNCIA NACIONAL\u00a0DE TRANSPORTES AQUAVI\u00c1RIOS &#8211; ANTAQ, no uso das atribui\u00e7\u00f5es que lhe s\u00e3o conferidas pelo\u00a0Regimento Interno, conforme an\u00e1lise dos fatos apurados no Parecer T\u00e9cnico Instrut\u00f3rio n\u00ba\u00a0001\/2014-UARSL, constante do Processo&nbsp;&hellip;<\/p>\n","protected":false},"author":1,"featured_media":0,"comment_status":"closed","ping_status":"open","sticky":false,"template":"","format":"standard","meta":[],"categories":[11650],"tags":[11651,11652,11653,11649,37],"_links":{"self":[{"href":"https:\/\/juris.antaq.gov.br\/index.php\/wp-json\/wp\/v2\/posts\/32456"}],"collection":[{"href":"https:\/\/juris.antaq.gov.br\/index.php\/wp-json\/wp\/v2\/posts"}],"about":[{"href":"https:\/\/juris.antaq.gov.br\/index.php\/wp-json\/wp\/v2\/types\/post"}],"author":[{"embeddable":true,"href":"https:\/\/juris.antaq.gov.br\/index.php\/wp-json\/wp\/v2\/users\/1"}],"replies":[{"embeddable":true,"href":"https:\/\/juris.antaq.gov.br\/index.php\/wp-json\/wp\/v2\/comments?post=32456"}],"version-history":[{"count":0,"href":"https:\/\/juris.antaq.gov.br\/index.php\/wp-json\/wp\/v2\/posts\/32456\/revisions"}],"wp:attachment":[{"href":"https:\/\/juris.antaq.gov.br\/index.php\/wp-json\/wp\/v2\/media?parent=32456"}],"wp:term":[{"taxonomy":"category","embeddable":true,"href":"https:\/\/juris.antaq.gov.br\/index.php\/wp-json\/wp\/v2\/categories?post=32456"},{"taxonomy":"post_tag","embeddable":true,"href":"https:\/\/juris.antaq.gov.br\/index.php\/wp-json\/wp\/v2\/tags?post=32456"}],"curies":[{"name":"wp","href":"https:\/\/api.w.org\/{rel}","templated":true}]}}