{"id":32598,"date":"2016-06-24T15:03:02","date_gmt":"2016-06-24T18:03:02","guid":{"rendered":"https:\/\/antaq.wordpress.com\/2016\/06\/24\/despacho-de-julgamento-no-132014uresv\/"},"modified":"2016-06-24T15:03:02","modified_gmt":"2016-06-24T18:03:02","slug":"despacho-de-julgamento-no-132014uresv","status":"publish","type":"post","link":"https:\/\/juris.antaq.gov.br\/index.php\/2016\/06\/24\/despacho-de-julgamento-no-132014uresv\/","title":{"rendered":"Despacho de Julgamento n\u00ba 13\/2014\/URESV"},"content":{"rendered":"<p style=\"text-align:justify;\">DESPACHO DE JULGAMENTO DJUL N\u00ba 13\/2014-UARSV<\/p>\n<p style=\"text-align:justify;\">Fiscalizada: Jorge Airton Freire do Nascimento<br \/>\nCNPJ: 03.299.206\/0001-52<br \/>\nProcesso n\u00ba: 50310.000331\/2014-28<\/p>\n<p style=\"text-align:justify;\">O Chefe da Unidade Administrativa Regional de Salvador da Ag\u00eancia Nacional de\u00a0Transportes Aquavi\u00e1rios &#8211; ANTAQ, no uso das atribui\u00e7\u00f5es que lhe s\u00e3o conferidas pelo\u00a0regimento interno e conforme an\u00e1lise dos fatos apurados no RETE n\u00ba 000023\/2013-UARSV,\u00a0elaborado em decorr\u00eancia da conclus\u00e3o do Termo de Ajustamento de Conduta TAC n\u00ba 000001-2013-ODSE-238-12-SFC, celebrado em 12\/04\/2013, decide segundo os princ\u00edpios da\u00a0razoabilidade e proporcionalidade indicar as penalidades pelas infra\u00e7\u00f5es apuradas:<br \/>\nConsiderando que a compromiss\u00e1ria descumpriu o item 01 da Cl\u00e1usula Objeto do TAC\u00a0n\u00ba 000001-2013-ODSE-238-12-SFC n\u00e3o fornecendo, tempestivamente, c\u00f3pia do CSN, Balan\u00e7o\u00a0Patrimonial e DRE do \u00faltimo exerc\u00edcio social, certid\u00f5es de regularidade junto \u00e0s fazendas\u00a0municipal, estadual, INSS e FGTS e, com suped\u00e2neo nos <a title=\"\u00a7 2o- N\u00e3o sendo atendido o compromisso, ser\u00e3o adotadas as provid\u00eancias necess\u00e1rias \u00e0 instaura\u00e7\u00e3o do processo administrativo contencioso para apura\u00e7\u00e3o das responsabilidades e aplica\u00e7\u00e3o das penalidades cab\u00edveis ou ao seu prosseguimento, se anteriormente instaurado. \" href=\"http:\/\/pesquisa.in.gov.br\/imprensa\/jsp\/visualiza\/index.jsp?data=19\/02\/2008&amp;jornal=1&amp;pagina=53&amp;totalArquivos=64\">Art. 24, \u00a7 2\u00ba<\/a>, da <a href=\"http:\/\/pesquisa.in.gov.br\/imprensa\/jsp\/visualiza\/index.jsp?data=19\/02\/2008&amp;jornal=1&amp;pagina=52&amp;totalArquivos=64\" target=\"_blank\" rel=\"noopener noreferrer\">Resolu\u00e7\u00e3o n\u00ba 987-ANTAQ<\/a>,\u00a0esta autoridade julgadora decide:<br \/>\nAplicar a penalidade de MULTA PECUNIARIA no valor de R$ 5.000,00 (Cinco mil reais),\u00a0\u00e0 EBN Jorge Airton Freire do Nascimento, CNPJ n\u00ba 03.299.206\/0001-52, pelo n\u00e3o cumprimento\u00a0da Cl\u00e1usula Primeira do TAC n\u00ba 000001-2013-ODSE-238-12-SFC, com comina\u00e7\u00e3o prevista\u00a0na sua Cl\u00e1usula Terceira.<\/p>\n<p style=\"text-align:justify;\">Salvador, 13 de Mar\u00e7o 2014.<\/p>\n<p style=\"text-align:justify;\">Alfeu Pedreira Luedy<br \/>\nChefe da Unidade Administrativa Regional de Salvador<\/p>\n<p style=\"text-align:justify;\">Publicado no <a href=\"http:\/\/pesquisa.in.gov.br\/imprensa\/jsp\/visualiza\/index.jsp?jornal=1&amp;pagina=5&amp;data=18\/07\/2014\">DOU de 18\/07\/2014, se\u00e7\u00e3o I<\/a><\/p>\n","protected":false},"excerpt":{"rendered":"<p>DESPACHO DE JULGAMENTO DJUL N\u00ba 13\/2014-UARSV Fiscalizada: Jorge Airton Freire do Nascimento CNPJ: 03.299.206\/0001-52 Processo n\u00ba: 50310.000331\/2014-28 O Chefe da Unidade Administrativa Regional de Salvador da Ag\u00eancia Nacional de\u00a0Transportes Aquavi\u00e1rios &#8211; ANTAQ, no uso das atribui\u00e7\u00f5es que lhe s\u00e3o conferidas pelo\u00a0regimento interno e conforme an\u00e1lise dos fatos apurados no RETE n\u00ba 000023\/2013-UARSV,\u00a0elaborado em decorr\u00eancia da&nbsp;&hellip;<\/p>\n","protected":false},"author":1,"featured_media":0,"comment_status":"closed","ping_status":"open","sticky":false,"template":"","format":"standard","meta":[],"categories":[12282],"tags":[12303,12213,12304,12305,12306,63,889,123,12307,1443],"_links":{"self":[{"href":"https:\/\/juris.antaq.gov.br\/index.php\/wp-json\/wp\/v2\/posts\/32598"}],"collection":[{"href":"https:\/\/juris.antaq.gov.br\/index.php\/wp-json\/wp\/v2\/posts"}],"about":[{"href":"https:\/\/juris.antaq.gov.br\/index.php\/wp-json\/wp\/v2\/types\/post"}],"author":[{"embeddable":true,"href":"https:\/\/juris.antaq.gov.br\/index.php\/wp-json\/wp\/v2\/users\/1"}],"replies":[{"embeddable":true,"href":"https:\/\/juris.antaq.gov.br\/index.php\/wp-json\/wp\/v2\/comments?post=32598"}],"version-history":[{"count":0,"href":"https:\/\/juris.antaq.gov.br\/index.php\/wp-json\/wp\/v2\/posts\/32598\/revisions"}],"wp:attachment":[{"href":"https:\/\/juris.antaq.gov.br\/index.php\/wp-json\/wp\/v2\/media?parent=32598"}],"wp:term":[{"taxonomy":"category","embeddable":true,"href":"https:\/\/juris.antaq.gov.br\/index.php\/wp-json\/wp\/v2\/categories?post=32598"},{"taxonomy":"post_tag","embeddable":true,"href":"https:\/\/juris.antaq.gov.br\/index.php\/wp-json\/wp\/v2\/tags?post=32598"}],"curies":[{"name":"wp","href":"https:\/\/api.w.org\/{rel}","templated":true}]}}