{"id":46189,"date":"2017-05-24T09:17:39","date_gmt":"2017-05-24T12:17:39","guid":{"rendered":"https:\/\/antaq.wordpress.com\/?p=46189"},"modified":"2017-05-24T09:17:39","modified_gmt":"2017-05-24T12:17:39","slug":"despacho-de-julgamento-no-102017gfn","status":"publish","type":"post","link":"https:\/\/juris.antaq.gov.br\/index.php\/2017\/05\/24\/despacho-de-julgamento-no-102017gfn\/","title":{"rendered":"Despacho de Julgamento n\u00ba 10\/2017\/GFN"},"content":{"rendered":"<p style=\"text-align:justify;\">Despacho de Julgamento n\u00ba 10\/2017\/GFN\/SFC<\/p>\n<p style=\"text-align:justify;\">Fiscalizada: FABR\u00cdCIO GERALDINO CARDOSO (11.033.409\/0001-20)<br \/>\nProcesso n\u00ba: 50300.005189\/2016-96<br \/>\nCNPJ: 11.033.409\/0001-20<br \/>\nAuto de Infra\u00e7\u00e3o n\u00b0 002481-3\/2016\/ANTAQ\u00a0\u00a0SEI n\u00b0 0205876<\/p>\n<p style=\"text-align:justify;\"><strong>EMENTA<\/strong><\/p>\n<p style=\"text-align:justify;\">1. PROCESSO ADMINISTRATIVO SANCIONADOR; JULGAMENTO ORIGIN\u00c1RIO; A\u00c7\u00c3O FISCALIZADORA ORDIN\u00c1RIA; NAVEGA\u00c7\u00c3O INTERIOR DE TRAVESSIA; FABR\u00cdCIO GERALDINO CARDOSO; CNPJ 11.033.409\/0001-20; ARTIGO 23, INCISO XVII, DA NORMA APROVADA PELA RESOLU\u00c7\u00c3O N\u00ba 1.274-ANTAQ; MULTA PECUNI\u00c1RIA.<\/p>\n<p style=\"text-align:justify;\"><strong>INTRODU\u00c7\u00c3O<\/strong><\/p>\n<p style=\"text-align:justify;\">2. Trata-se de A\u00e7\u00e3o Fiscalizadora Ordin\u00e1ria instaurada no \u00e2mbito do Plano Anual de Fiscaliza\u00e7\u00e3o &#8211; PAF 2016 &#8211; junto ao operador FABR\u00cdCIO GERALDINO CARDOSO, CNPJ n\u00ba 11.033.409\/0001-20, visando inspecionar as condi\u00e7\u00f5es t\u00e9cnico-operacionais, econ\u00f4mico-financeiras e jur\u00eddico-fiscais do prestador de servi\u00e7o de transporte aquavi\u00e1rio. A a\u00e7\u00e3o fiscal foi procedida dentro dos autos do processo n\u00ba 50300.005189\/2016-96, sendo lavrado o Auto de Infra\u00e7\u00e3o n\u00ba 002481-3, pela pr\u00e1tica da infra\u00e7\u00e3o capitulada no <a title=\"XVII - deixar de manter na embarca\u00e7\u00e3o os documentos de porte obrigat\u00f3rio, definidos pelos \u00f3rg\u00e3os competentes (multa de at\u00e9 R$ 2.000,00); \" href=\"http:\/\/pesquisa.in.gov.br\/imprensa\/jsp\/visualiza\/index.jsp?data=17\/02\/2014&amp;jornal=1&amp;pagina=4&amp;totalArquivos=104\">art. 23, inciso XVII<\/a>, da Norma aprovada pela <a href=\"http:\/\/pesquisa.in.gov.br\/imprensa\/jsp\/visualiza\/index.jsp?data=05\/02\/2009&amp;jornal=1&amp;pagina=53&amp;totalArquivos=72\">Resolu\u00e7\u00e3o n\u00ba 1.274-ANTAQ<\/a>, in verbis:<br \/>\n&#8220;XVII &#8211; deixar de manter na embarca\u00e7\u00e3o os documentos de porte obrigat\u00f3rio, definidos pelos \u00f3rg\u00e3os competentes (multa de at\u00e9 R$ 2.000,00); (Reda\u00e7\u00e3o dada pela <a href=\"http:\/\/pesquisa.in.gov.br\/imprensa\/jsp\/visualiza\/index.jsp?data=17\/02\/2014&amp;jornal=1&amp;pagina=3&amp;totalArquivos=104\" target=\"_blank\" rel=\"noopener noreferrer\">Resolu\u00e7\u00e3o n\u00ba 3.284\u2013ANTAQ<\/a>, de 2014).&#8221;<\/p>\n<p style=\"text-align:justify;\">3. A conduta irregular motivadora para lavratura do Auto de Infra\u00e7\u00e3o est\u00e1 relacionada \u00e0 inobserv\u00e2ncia da obriga\u00e7\u00e3o de portar o Termo de Responsabilidade\/CSN da embarca\u00e7\u00e3o ENGENHEIRO BETHOUT constatado no momento da a\u00e7\u00e3o fiscal &#8220;in loco&#8221;, em claro descumprimento ao que aduz o <a title=\"Art. 18. Deve a autorizada: I - manter na embarca\u00e7\u00e3o os documentos de porte obrigat\u00f3rio definidos pelos \u00f3rg\u00e3os competentes;\" href=\"http:\/\/pesquisa.in.gov.br\/imprensa\/jsp\/visualiza\/index.jsp?data=05\/02\/2009&amp;jornal=1&amp;pagina=54&amp;totalArquivos=72\">art. 18, inciso I<\/a>, da Norma aprovada pela <a href=\"http:\/\/pesquisa.in.gov.br\/imprensa\/jsp\/visualiza\/index.jsp?data=05\/02\/2009&amp;jornal=1&amp;pagina=53&amp;totalArquivos=72\">Resolu\u00e7\u00e3o n\u00ba 1.274-ANTAQ<\/a>. Muito embora o operador tenha encaminhado, a posteriori, o Termo de Responsabilidade da embarca\u00e7\u00e3o (SEI 0111226), o fato infracional foi consumado com a indisponibilidade do Termo no momento da a\u00e7\u00e3o fiscalizadora.<\/p>\n<p style=\"text-align:justify;\"><strong>FUNDAMENTOS<\/strong><\/p>\n<p style=\"text-align:justify;\">4. Preliminarmente verifico que os autos podem ser conhecidos por esta autoridade julgadora, tendo em vista a compet\u00eancia estabelecida pelo <a title=\"Art. 34 S\u00e3o Autoridades Julgadoras: I - o Chefe da Unidade Administrativa Regional, nas infra\u00e7\u00f5es de natureza leve ocorridas em \u00e1rea sob sua jurisdi\u00e7\u00e3o direta; \" href=\"http:\/\/pesquisa.in.gov.br\/imprensa\/jsp\/visualiza\/index.jsp?data=03\/02\/2014&amp;jornal=1&amp;pagina=8&amp;totalArquivos=80\">artigo 34, I<\/a>, da <a href=\"http:\/\/pesquisa.in.gov.br\/imprensa\/jsp\/visualiza\/index.jsp?jornal=1&amp;pagina=6&amp;data=03\/02\/2014\" target=\"_blank\" rel=\"noopener noreferrer\">Resolu\u00e7\u00e3o n\u00ba 3.259-ANTAQ<\/a>, estando os mesmos aptos a receberem julgamento, n\u00e3o sendo detectada qualquer m\u00e1cula concernentes aos procedimentos adotados na presente instru\u00e7\u00e3o.<\/p>\n<p style=\"text-align:justify;\">5. Os atos e prazos que oportunizam o direito ao contradit\u00f3rio e \u00e0 ampla defesa pela empresa interessada foram, respectivamente, produzidos e respeitados em fiel cumprimento ao devido processo legal.<\/p>\n<p style=\"text-align:justify;\">6. O autuado n\u00e3o apresentou defesa contra o Auto de Infra\u00e7\u00e3o 002481-3 (SEI 0205876).<\/p>\n<p style=\"text-align:justify;\">7. No m\u00e9rito identifico que a quest\u00e3o envolve a presta\u00e7\u00e3o de servi\u00e7o de transporte aquavi\u00e1rio de que trata a Norma aprovada pela <a href=\"http:\/\/pesquisa.in.gov.br\/imprensa\/jsp\/visualiza\/index.jsp?data=05\/02\/2009&amp;jornal=1&amp;pagina=53&amp;totalArquivos=72\">Resolu\u00e7\u00e3o n\u00ba 1.274-ANTAQ<\/a> sem o porte obrigat\u00f3rio do Termo de Responsabilidade\/CSN, nos termos exigidos pela Autoridade Mar\u00edtima, constatado in loco pela equipe de fiscaliza\u00e7\u00e3o.<\/p>\n<p style=\"text-align:justify;\">8. O Parecer T\u00e9cnico Instrut\u00f3rio n\u00ba 1\/2017\/GFN\/SFC (SEI 0229697), concluiu pela autoria e materialidade da infra\u00e7\u00e3o prevista no <a title=\"XVII - deixar de manter na embarca\u00e7\u00e3o os documentos de porte obrigat\u00f3rio, definidos pelos \u00f3rg\u00e3os competentes (multa de at\u00e9 R$ 2.000,00); \" href=\"http:\/\/pesquisa.in.gov.br\/imprensa\/jsp\/visualiza\/index.jsp?data=17\/02\/2014&amp;jornal=1&amp;pagina=4&amp;totalArquivos=104\">art. 23, inciso XVII<\/a>, da Norma aprovada pela <a href=\"http:\/\/pesquisa.in.gov.br\/imprensa\/jsp\/visualiza\/index.jsp?data=05\/02\/2009&amp;jornal=1&amp;pagina=53&amp;totalArquivos=72\">Resolu\u00e7\u00e3o n\u00ba 1.274-ANTAQ<\/a>.<\/p>\n<p style=\"text-align:justify;\">9. N\u00e3o foram observadas circunst\u00e2ncias atenuantes.<\/p>\n<p style=\"text-align:justify;\">10. Foi constatada a circunst\u00e2ncia agravante de reincid\u00eancia espec\u00edfica, nos termos do <a title=\"VII - reincid\u00eancia gen\u00e9rica ou espec\u00edfica; e\" href=\"http:\/\/pesquisa.in.gov.br\/imprensa\/jsp\/visualiza\/index.jsp?data=03\/02\/2014&amp;jornal=1&amp;pagina=9&amp;totalArquivos=80\">art. 52, \u00a72\u00ba, inciso VII<\/a>, da Norma aprovada pela <a href=\"http:\/\/pesquisa.in.gov.br\/imprensa\/jsp\/visualiza\/index.jsp?jornal=1&amp;pagina=6&amp;data=03\/02\/2014\" target=\"_blank\" rel=\"noopener noreferrer\">Resolu\u00e7\u00e3o n\u00ba 3.259-ANTAQ<\/a>, in verbis:<br \/>\nVII \u2013 reincid\u00eancia gen\u00e9rica ou espec\u00edfica; e<\/p>\n<p style=\"text-align:justify;\">11.\u00a0\u00a0O extrato de penalidades do dia 02\/03\/2017 (SEI 0229986) demonstra a aplica\u00e7\u00e3o da penalidade de multa pecuni\u00e1ria, no valor de R$ 360,00 (trezentos e sessenta reais) pela incid\u00eancia no mesmo tipo infracional objeto da autua\u00e7\u00e3o no presente processo (<a title=\"XVII - deixar de manter na embarca\u00e7\u00e3o os documentos de porte obrigat\u00f3rio, definidos pelos \u00f3rg\u00e3os competentes (multa de at\u00e9 R$ 2.000,00); \" href=\"http:\/\/pesquisa.in.gov.br\/imprensa\/jsp\/visualiza\/index.jsp?data=17\/02\/2014&amp;jornal=1&amp;pagina=4&amp;totalArquivos=104\">art. 23, inciso XVII<\/a>), dentro do processo n\u00ba 50300.002464\/2015-39. O julgado foi publicado, originalmente, no Di\u00e1rio Oficial da Uni\u00e3o do dia 25\/07\/2016 (SEI 0232700), retificado no DOU do dia 26\/07\/2016 (SEI 0232701).<\/p>\n<p style=\"text-align:justify;\">12. Desta forma, concordo com a conclus\u00e3o do supra referido Parecer T\u00e9cnico Instrut\u00f3rio n\u00ba 1\/2017\/GFN\/SFC (SEI 0229697).<\/p>\n<p style=\"text-align:justify;\"><strong>CONCLUS\u00c3O<\/strong><\/p>\n<p style=\"text-align:justify;\">13. Diante do exposto, levando em considera\u00e7\u00e3o a circunst\u00e2ncia agravante acima indicada no item 12, decido pela aplica\u00e7\u00e3o da penalidade de multa pecuni\u00e1ria no valor de R$ 360,00 (trezentos e sessenta reais) em desfavor do operador FABR\u00cdCIO GERALDINO CARDOSO, CNPJ n\u00ba 11.033.409\/0001-20, visto que restou configurada a autoria e materialidade da infra\u00e7\u00e3o capitulada no <a title=\"XVII - deixar de manter na embarca\u00e7\u00e3o os documentos de porte obrigat\u00f3rio, definidos pelos \u00f3rg\u00e3os competentes (multa de at\u00e9 R$ 2.000,00); \" href=\"http:\/\/pesquisa.in.gov.br\/imprensa\/jsp\/visualiza\/index.jsp?data=17\/02\/2014&amp;jornal=1&amp;pagina=4&amp;totalArquivos=104\">art. 23, inciso XVII<\/a>, da Norma aprovada pela <a href=\"http:\/\/pesquisa.in.gov.br\/imprensa\/jsp\/visualiza\/index.jsp?data=05\/02\/2009&amp;jornal=1&amp;pagina=53&amp;totalArquivos=72\">Resolu\u00e7\u00e3o n\u00ba 1.274-ANTAQ<\/a>.<\/p>\n<p style=\"text-align:justify;\">ALEXANDRE GOMES DE MOURA<br \/>\nGerente de Fiscaliza\u00e7\u00e3o da Navega\u00e7\u00e3o &#8211; GFN<\/p>\n<p style=\"text-align:justify;\">Publicado no <a href=\"http:\/\/pesquisa.in.gov.br\/imprensa\/jsp\/visualiza\/index.jsp?data=18\/05\/2017&amp;jornal=1&amp;pagina=96&amp;totalArquivos=220\" target=\"_blank\" rel=\"noopener noreferrer\">DOU de 18.05.2017, Se\u00e7\u00e3o I<\/a><\/p>\n","protected":false},"excerpt":{"rendered":"<p>Despacho de Julgamento n\u00ba 10\/2017\/GFN\/SFC Fiscalizada: FABR\u00cdCIO GERALDINO CARDOSO (11.033.409\/0001-20) Processo n\u00ba: 50300.005189\/2016-96 CNPJ: 11.033.409\/0001-20 Auto de Infra\u00e7\u00e3o n\u00b0 002481-3\/2016\/ANTAQ\u00a0\u00a0SEI n\u00b0 0205876 EMENTA 1. PROCESSO ADMINISTRATIVO SANCIONADOR; JULGAMENTO ORIGIN\u00c1RIO; A\u00c7\u00c3O FISCALIZADORA ORDIN\u00c1RIA; NAVEGA\u00c7\u00c3O INTERIOR DE TRAVESSIA; FABR\u00cdCIO GERALDINO CARDOSO; CNPJ 11.033.409\/0001-20; ARTIGO 23, INCISO XVII, DA NORMA APROVADA PELA RESOLU\u00c7\u00c3O N\u00ba 1.274-ANTAQ; MULTA PECUNI\u00c1RIA. INTRODU\u00c7\u00c3O&nbsp;&hellip;<\/p>\n","protected":false},"author":1,"featured_media":0,"comment_status":"closed","ping_status":"open","sticky":false,"template":"","format":"standard","meta":[],"categories":[5538],"tags":[5928,4714,5929,5115,5930,5117,5143,2291,5155,5136,5439,5931,63,1442,5295,4727,4704,5169,5243,1110,4768,5932,5933],"_links":{"self":[{"href":"https:\/\/juris.antaq.gov.br\/index.php\/wp-json\/wp\/v2\/posts\/46189"}],"collection":[{"href":"https:\/\/juris.antaq.gov.br\/index.php\/wp-json\/wp\/v2\/posts"}],"about":[{"href":"https:\/\/juris.antaq.gov.br\/index.php\/wp-json\/wp\/v2\/types\/post"}],"author":[{"embeddable":true,"href":"https:\/\/juris.antaq.gov.br\/index.php\/wp-json\/wp\/v2\/users\/1"}],"replies":[{"embeddable":true,"href":"https:\/\/juris.antaq.gov.br\/index.php\/wp-json\/wp\/v2\/comments?post=46189"}],"version-history":[{"count":0,"href":"https:\/\/juris.antaq.gov.br\/index.php\/wp-json\/wp\/v2\/posts\/46189\/revisions"}],"wp:attachment":[{"href":"https:\/\/juris.antaq.gov.br\/index.php\/wp-json\/wp\/v2\/media?parent=46189"}],"wp:term":[{"taxonomy":"category","embeddable":true,"href":"https:\/\/juris.antaq.gov.br\/index.php\/wp-json\/wp\/v2\/categories?post=46189"},{"taxonomy":"post_tag","embeddable":true,"href":"https:\/\/juris.antaq.gov.br\/index.php\/wp-json\/wp\/v2\/tags?post=46189"}],"curies":[{"name":"wp","href":"https:\/\/api.w.org\/{rel}","templated":true}]}}