{"id":513,"date":"2015-05-27T20:51:35","date_gmt":"2015-05-27T20:51:35","guid":{"rendered":"https:\/\/antaq.wordpress.com\/?p=513"},"modified":"2015-05-27T20:51:35","modified_gmt":"2015-05-27T20:51:35","slug":"ac-05-2013","status":"publish","type":"post","link":"https:\/\/juris.antaq.gov.br\/index.php\/2015\/05\/27\/ac-05-2013\/","title":{"rendered":"AC-05-2013"},"content":{"rendered":"<p style=\"text-align:justify;\">AC\u00d3RD\u00c3O N\u00b0 05-2013-ANTAQ<br \/>\nPROCESSO: 50308.002404\/2011-12.<br \/>\nParte: Empresa Maranhense de Administra\u00e7\u00e3o Portu\u00e1ria &#8211; EMAP.<\/p>\n<p style=\"text-align:justify;\">Ementa:<br \/>\nTrata-se o presente Ac\u00f3rd\u00e3o do exame do pedido de reconsidera\u00e7\u00e3o\u00a0requerido pela Empresa Maranhense de Administra\u00e7\u00e3o Portu\u00e1ria &#8211; EMAP, CNPJ n\u00ba 03.650.060\/0001-48, com sede no Porto de Itaqui, Itaqui, S\u00e3o Lu\u00eds &#8211; MA, contra a decis\u00e3o\u00a0da Diretoria Colegiada que em sua 313\u00aa Reuni\u00e3o Ordin\u00e1ria, realizada em 12 de abril de\u00a02012, aplicou a penalidade de multa pecuni\u00e1ria no valor de 25.000,00 (vinte e cinco mil\u00a0reais), na forma do <a title=\"Art. 78-A. A infra\u00e7\u00e3o a esta Lei e o descumprimento dos deveres estabelecidos no contrato de concess\u00e3o, no termo de permiss\u00e3o e na autoriza\u00e7\u00e3o sujeitar\u00e1 o respons\u00e1vel \u00e0s seguintes san\u00e7\u00f5es, aplic\u00e1veis pela ANTT e pela ANTAQ, sem preju\u00edzo das de natureza civil e penal: (Inclu\u00eddo pela Medida Provis\u00f3ria n\u00ba 2.217-3, de 4.9.2001) \" href=\"http:\/\/legislacao.planalto.gov.br\/legisla\/legislacao.nsf\/Viw_Identificacao\/lei%2010.233-2001?OpenDocument\">art. 78-A<\/a>, <a title=\" II - multa; (Inclu\u00eddo pela Medida Provis\u00f3ria n\u00ba 2.217-3, de 4.9.2001) \" href=\"http:\/\/legislacao.planalto.gov.br\/legisla\/legislacao.nsf\/Viw_Identificacao\/lei%2010.233-2001?OpenDocument\">inciso II<\/a>, da <a href=\"http:\/\/legislacao.planalto.gov.br\/legisla\/legislacao.nsf\/Viw_Identificacao\/lei%2010.233-2001?OpenDocument\" target=\"_blank\" rel=\"noopener noreferrer\">Lei n\u00ba 10.233<\/a>, de 5 de junho de 2001,\u00a0considerando o <a title=\"II - multa; \" href=\"http:\/\/pesquisa.in.gov.br\/imprensa\/jsp\/visualiza\/index.jsp?data=19\/02\/2008&amp;jornal=1&amp;pagina=55&amp;totalArquivos=64\">inciso II, do art. 66<\/a>, da <a href=\"http:\/\/pesquisa.in.gov.br\/imprensa\/jsp\/visualiza\/index.jsp?data=19\/02\/2008&amp;jornal=1&amp;pagina=52&amp;totalArquivos=64\" target=\"_blank\" rel=\"noopener noreferrer\">Resolu\u00e7\u00e3o n\u00ba 987-ANTAQ<\/a>, de 14 de fevereiro de\u00a02008, e nos termos dos par\u00e1grafos <a title=\" \u00a7 1\u00ba- O prazo para pagamento da multa \u00e9 de trinta dias, contados da data de recebimento da intima\u00e7\u00e3o da decis\u00e3o.  \u00a7 2\u00ba- Quitado o d\u00e9bito, o autuado encaminhar\u00e1 \u00e0 ANTAQ, no prazo de cinco dias, o comprovante do pagamento para juntada ao respectivo processo.  \u00a7 3\u00ba- O n\u00e3o recolhimento da multa dentro do prazo fixado no \u00a7 1\u00ba- deste artigo, implicar\u00e1 sua inscri\u00e7\u00e3o na D\u00edvida Ativa para cobran\u00e7a judicial, na forma da legisla\u00e7\u00e3o pertinente. \" href=\"http:\/\/pesquisa.in.gov.br\/imprensa\/jsp\/visualiza\/index.jsp?data=19\/02\/2008&amp;jornal=1&amp;pagina=55&amp;totalArquivos=64\">\u00a71\u00b0, \u00a72\u00b0 e \u00a73\u00b0 do art. 69<\/a>, da citada Resolu\u00e7\u00e3o, pelo\u00a0descumprimento do <a title=\"XII \u2013 submeter \u00e0 pr\u00e9via aprova\u00e7\u00e3o da ANTAQ a celebra\u00e7\u00e3o de aditivos contratuais que impliquem prorroga\u00e7\u00e3o de prazo, ou qualquer esp\u00e9cie de altera\u00e7\u00e3o da \u00e1rea do arrendamento, encaminhando justificativa e demais documentos inerentes a essa altera\u00e7\u00e3o; \" href=\"http:\/\/pesquisa.in.gov.br\/imprensa\/jsp\/visualiza\/index.jsp?data=28\/08\/2007&amp;jornal=1&amp;pagina=68&amp;totalArquivos=72\">inciso XII\u00a0do art. 10<\/a> da <a href=\"http:\/\/pesquisa.in.gov.br\/imprensa\/jsp\/visualiza\/index.jsp?data=28\/08\/2007&amp;jornal=1&amp;pagina=68&amp;totalArquivos=72\" target=\"_blank\" rel=\"noopener noreferrer\">Resolu\u00e7\u00e3o n\u00ba 858-ANTAQ<\/a>, de 2007, tipificada\u00a0no <a title=\"XXVI \u2013 omitir-se de submeter \u00e0 pr\u00e9via autoriza\u00e7\u00e3o da ANTAQ a celebra\u00e7\u00e3o de aditivos contratuais que impliquem prorroga\u00e7\u00e3o de prazo, ou qualquer esp\u00e9cie de altera\u00e7\u00e3o da \u00e1rea do arrendamento (Multa de at\u00e9 R$ 50.000,00); \" href=\"http:\/\/pesquisa.in.gov.br\/imprensa\/jsp\/visualiza\/index.jsp?data=28\/08\/2007&amp;jornal=1&amp;pagina=69&amp;totalArquivos=72\">inciso XXVI\u00a0do art. 13<\/a> da <a href=\"http:\/\/pesquisa.in.gov.br\/imprensa\/jsp\/visualiza\/index.jsp?data=28\/08\/2007&amp;jornal=1&amp;pagina=68&amp;totalArquivos=72\" target=\"_blank\" rel=\"noopener noreferrer\">Resolu\u00e7\u00e3o n\u00ba 858-ANTAQ<\/a>.<\/p>\n<p style=\"text-align:justify;\">Ac\u00f3rd\u00e3o:<br \/>\nVistos, relatados e discutidos os presentes autos, na conformidade dos votos\u00a0objeto da Ata da 330\u00aa Reuni\u00e3o Ordin\u00e1ria da Diretoria Colegiada, realizada em 10 de\u00a0janeiro de 2013, acordam os Diretores da Ag\u00eancia Nacional de Transportes Aquavi\u00e1rios-ANTAQ, pelo conhecimento do pedido de reconsidera\u00e7\u00e3o, e, no m\u00e9rito, negar-lhe\u00a0provimento, por n\u00e3o apresentar fatos ou argumentos novos que possam substanciar a\u00a0revis\u00e3o da decis\u00e3o proferida.<\/p>\n<p style=\"text-align:justify;\">Participaram da reuni\u00e3o o Diretor-Geral Substituto, Pedro\u00a0Brito, o Diretor, Relator, Fernando Jos\u00e9 de P\u00e1dua Costa Fonseca, a Procuradora Federal,\u00a0Lisbete Gomes Ara\u00fajo, e o Secret\u00e1rio-Geral Substituto, Joelson Neves Miranda.<\/p>\n<p style=\"text-align:justify;\">Bras\u00edlia-\u00a0DF, 10 de janeiro de 2013.<\/p>\n<p style=\"text-align:justify;\">PEDRO BRITO DO NASCIMENTO<br \/>\nDiretor-Geral Substituto<br \/>\nFERNANDO JOS\u00c9 DE P\u00c1DUA COSTA FONSECA<br \/>\nDiretor \u2013 Relator<\/p>\n<p style=\"text-align:justify;\">Publicado no <a href=\"http:\/\/pesquisa.in.gov.br\/imprensa\/jsp\/visualiza\/index.jsp?jornal=1&amp;pagina=8&amp;data=13\/02\/2013\" target=\"_blank\" rel=\"noopener noreferrer\">DOU de 13\/02\/2013, Se\u00e7\u00e3o I<\/a>.<\/p>\n","protected":false},"excerpt":{"rendered":"<p>AC\u00d3RD\u00c3O N\u00b0 05-2013-ANTAQ PROCESSO: 50308.002404\/2011-12. Parte: Empresa Maranhense de Administra\u00e7\u00e3o Portu\u00e1ria &#8211; EMAP. Ementa: Trata-se o presente Ac\u00f3rd\u00e3o do exame do pedido de reconsidera\u00e7\u00e3o\u00a0requerido pela Empresa Maranhense de Administra\u00e7\u00e3o Portu\u00e1ria &#8211; EMAP, CNPJ n\u00ba 03.650.060\/0001-48, com sede no Porto de Itaqui, Itaqui, S\u00e3o Lu\u00eds &#8211; MA, contra a decis\u00e3o\u00a0da Diretoria Colegiada que em sua 313\u00aa&nbsp;&hellip;<\/p>\n","protected":false},"author":1,"featured_media":0,"comment_status":"closed","ping_status":"open","sticky":false,"template":"","format":"standard","meta":[],"categories":[695],"tags":[678,1041,1050,732,546,297,83,16,27,28,63,734,488,152,132,153,154,155,123],"_links":{"self":[{"href":"https:\/\/juris.antaq.gov.br\/index.php\/wp-json\/wp\/v2\/posts\/513"}],"collection":[{"href":"https:\/\/juris.antaq.gov.br\/index.php\/wp-json\/wp\/v2\/posts"}],"about":[{"href":"https:\/\/juris.antaq.gov.br\/index.php\/wp-json\/wp\/v2\/types\/post"}],"author":[{"embeddable":true,"href":"https:\/\/juris.antaq.gov.br\/index.php\/wp-json\/wp\/v2\/users\/1"}],"replies":[{"embeddable":true,"href":"https:\/\/juris.antaq.gov.br\/index.php\/wp-json\/wp\/v2\/comments?post=513"}],"version-history":[{"count":0,"href":"https:\/\/juris.antaq.gov.br\/index.php\/wp-json\/wp\/v2\/posts\/513\/revisions"}],"wp:attachment":[{"href":"https:\/\/juris.antaq.gov.br\/index.php\/wp-json\/wp\/v2\/media?parent=513"}],"wp:term":[{"taxonomy":"category","embeddable":true,"href":"https:\/\/juris.antaq.gov.br\/index.php\/wp-json\/wp\/v2\/categories?post=513"},{"taxonomy":"post_tag","embeddable":true,"href":"https:\/\/juris.antaq.gov.br\/index.php\/wp-json\/wp\/v2\/tags?post=513"}],"curies":[{"name":"wp","href":"https:\/\/api.w.org\/{rel}","templated":true}]}}