{"id":72833,"date":"2021-01-07T11:05:02","date_gmt":"2021-01-07T14:05:02","guid":{"rendered":"https:\/\/citaq.com.br\/antaqjuris\/?p=72833"},"modified":"2021-01-07T11:05:02","modified_gmt":"2021-01-07T14:05:02","slug":"deliberacao-01-2020-2","status":"publish","type":"post","link":"https:\/\/juris.antaq.gov.br\/index.php\/2021\/01\/07\/deliberacao-01-2020-2\/","title":{"rendered":"Delibera\u00e7\u00e3o 01-2021"},"content":{"rendered":"<p style=\"text-align: justify;\">DELIBERA\u00c7\u00c3O &#8211; DG N\u00ba 1, DE 25 DE JANEIRO 2021<\/p>\n<p style=\"text-align: justify;\">O DIRETOR-GERAL DA AG\u00caNCIA NACIONAL DE TRANSPORTES AQUAVI\u00c1RIOS &#8211; ANTAQ, no uso da compet\u00eancia que lhe \u00e9 conferida pelo <a title=\"IV - expedir os atos administrativos de compet\u00eancia da ANTAQ; \" href=\"http:\/\/pesquisa.in.gov.br\/imprensa\/jsp\/visualiza\/index.jsp?data=25\/08\/2014&amp;jornal=1&amp;pagina=4&amp;totalArquivos=132\">inciso IV do art. 20<\/a> do Regimento Interno, considerando o que consta do Processo n\u00ba 50300.021097\/2020-30 e, em especial, os cuidados de sa\u00fade p\u00fablica decorrentes da pandemia causada pelo v\u00edrus SARS-CoV-2 (Covid-19), resolve:<br \/>\nArt. 1\u00ba Estabelecer que a audi\u00eancia p\u00fablica presencial prevista no \u00e2mbito do Aviso de Audi\u00eancia P\u00fablica 19\/2020-ANTAQ ocorrer\u00e1 no modelo virtual no dia 4 de fevereiro de 2021, com in\u00edcio \u00e0s 9h e t\u00e9rmino quando da manifesta\u00e7\u00e3o do \u00faltimo credenciado, sendo 14h o hor\u00e1rio limite para encerramento.<br \/>\nArt. 2\u00ba A audi\u00eancia p\u00fablica virtual 19\/2020-ANTAQ obedecer\u00e1 as seguintes diretrizes:<br \/>\na) toda a sess\u00e3o ser\u00e1 transmitida via streaming a toda a Internet, gravada e disponibilizada no canal da ANTAQ no &#8220;Youtube&#8221;;<br \/>\nb) n\u00e3o \u00e9 necess\u00e1ria inscri\u00e7\u00e3o para assistir a audi\u00eancia p\u00fablica;<br \/>\nc) os interessados em manifestar-se na audi\u00eancia dever\u00e3o se inscrever pelo aplicativo de mensagens &#8220;Whatsapp&#8221; pelo n\u00famero (61) 2029-6940. O per\u00edodo de inscri\u00e7\u00e3o ser\u00e1 das 9h \u00e0s 18h do dia 3 de fevereiro de 2021;<br \/>\nd) os interessados poder\u00e3o enviar sua contribui\u00e7\u00e3o por v\u00eddeo, \u00e1udio ou por mensagem escrita pelo &#8220;Whatsapp&#8221;;<br \/>\ne) os interessados tamb\u00e9m poder\u00e3o se manifestar acessando a sala de reuni\u00e3o criada no aplicativo &#8220;ZOOM&#8221;. Para isso, no ato de inscri\u00e7\u00e3o, o interessado dever\u00e1 se manifestar nesse sentido e encaminhar seu endere\u00e7o eletr\u00f4nico de login no &#8220;ZOOM&#8221; para ser convidado a entrar na sala na sua vez; e<br \/>\nf) em caso de problemas computacionais para utiliza\u00e7\u00e3o da ferramenta &#8220;ZOOM&#8221;, ser\u00e1 realizada uma segunda tentativa de conex\u00e3o ao final de todas as contribui\u00e7\u00f5es ou o interessado poder\u00e1 encaminhar sua contribui\u00e7\u00e3o pelo &#8220;Whatsapp&#8221;.<br \/>\nArt. 3\u00ba Ficam mantidas as demais disposi\u00e7\u00f5es constantes no Aviso de Audi\u00eancia P\u00fablica n\u00ba 19\/2020-ANTAQ.<br \/>\nArt. 4\u00ba Esta Delibera\u00e7\u00e3o entrar\u00e1 em vigor na data de sua publica\u00e7\u00e3o no Di\u00e1rio Oficial da Uni\u00e3o &#8211; DOU.<br \/>\nEDUARDO NERY MACHADO FILHO<br \/>\nDiretor-Geral<br \/>\n<a href=\"https:\/\/pesquisa.in.gov.br\/imprensa\/jsp\/visualiza\/index.jsp?data=27\/01\/2021&amp;jornal=515&amp;pagina=32\" target=\"_blank\" rel=\"noreferrer noopener\">Publicada no DOU de 27.01.2021, Se\u00e7\u00e3o I<\/a><\/p>\n","protected":false},"excerpt":{"rendered":"<p>DELIBERA\u00c7\u00c3O &#8211; DG N\u00ba 1, DE 25 DE JANEIRO 2021 O DIRETOR-GERAL DA AG\u00caNCIA NACIONAL DE TRANSPORTES AQUAVI\u00c1RIOS &#8211; ANTAQ, no uso da compet\u00eancia que lhe \u00e9 conferida pelo inciso IV do art. 20 do Regimento Interno, considerando o que consta do Processo n\u00ba 50300.021097\/2020-30 e, em especial, os cuidados de sa\u00fade p\u00fablica decorrentes da&nbsp;&hellip;<\/p>\n","protected":false},"author":1,"featured_media":0,"comment_status":"open","ping_status":"open","sticky":false,"template":"","format":"standard","meta":[],"categories":[4120],"tags":[4228,3127,4229,3985,4230,3927,18],"_links":{"self":[{"href":"https:\/\/juris.antaq.gov.br\/index.php\/wp-json\/wp\/v2\/posts\/72833"}],"collection":[{"href":"https:\/\/juris.antaq.gov.br\/index.php\/wp-json\/wp\/v2\/posts"}],"about":[{"href":"https:\/\/juris.antaq.gov.br\/index.php\/wp-json\/wp\/v2\/types\/post"}],"author":[{"embeddable":true,"href":"https:\/\/juris.antaq.gov.br\/index.php\/wp-json\/wp\/v2\/users\/1"}],"replies":[{"embeddable":true,"href":"https:\/\/juris.antaq.gov.br\/index.php\/wp-json\/wp\/v2\/comments?post=72833"}],"version-history":[{"count":0,"href":"https:\/\/juris.antaq.gov.br\/index.php\/wp-json\/wp\/v2\/posts\/72833\/revisions"}],"wp:attachment":[{"href":"https:\/\/juris.antaq.gov.br\/index.php\/wp-json\/wp\/v2\/media?parent=72833"}],"wp:term":[{"taxonomy":"category","embeddable":true,"href":"https:\/\/juris.antaq.gov.br\/index.php\/wp-json\/wp\/v2\/categories?post=72833"},{"taxonomy":"post_tag","embeddable":true,"href":"https:\/\/juris.antaq.gov.br\/index.php\/wp-json\/wp\/v2\/tags?post=72833"}],"curies":[{"name":"wp","href":"https:\/\/api.w.org\/{rel}","templated":true}]}}