{"id":73404,"date":"2021-03-22T18:05:41","date_gmt":"2021-03-22T21:05:41","guid":{"rendered":"https:\/\/citaq.com.br\/antaqjuris\/?p=73404"},"modified":"2021-03-22T18:05:41","modified_gmt":"2021-03-22T21:05:41","slug":"ac-95-2021","status":"publish","type":"post","link":"https:\/\/juris.antaq.gov.br\/index.php\/2021\/03\/22\/ac-95-2021\/","title":{"rendered":"AC-95-2021"},"content":{"rendered":"<p style=\"text-align: justify;\">AC\u00d3RD\u00c3O N\u00ba 95-ANTAQ, DE 12 DE MAR\u00c7O DE 2021<\/p>\n<p style=\"text-align: justify;\">Processo: 50300.002634\/2021-23<br \/>\nParte: MINIST\u00c9RIO DA INFRAESTRUTURA (37.115.342\/0001-67)<\/p>\n<p style=\"text-align: justify;\">Ementa:<br \/>\nTrata o presente Ac\u00f3rd\u00e3o de procedimento licitat\u00f3rio, na modalidade simplificada, de \u00e1rea localizada no Porto Organizado de Imbituba\/SC, destinada \u00e0 movimenta\u00e7\u00e3o, \u00e0 armazenagem e \u00e0 expedi\u00e7\u00e3o de granel l\u00edquido, especialmente soda c\u00e1ustica, denominada IMB05.<\/p>\n<p style=\"text-align: justify;\">Ac\u00f3rd\u00e3o:<br \/>\nVistos, relatados e discutidos os presentes autos, na conformidade do voto objeto da Ata da 496\u00aa Reuni\u00e3o Ordin\u00e1ria da Diretoria Colegiada, realizada em 11\/03\/2021, acordam os Diretores da Ag\u00eancia Nacional de Transportes Aquavi\u00e1rios em: I &#8211; dispensar a realiza\u00e7\u00e3o de consulta e audi\u00eancia p\u00fablicas, nos termos do <a title=\"\u00a7 3\u00ba Quando o valor do contrato for superior a cem vezes o limite estabelecido no art. 23, caput, inciso I, al\u00ednea \u201cc\u201d, da Lei n\u00ba 8.666, de 1993, a Antaq dever\u00e1 convocar, com anteced\u00eancia m\u00ednima de dez dias \u00fateis de sua realiza\u00e7\u00e3o, audi\u00eancia p\u00fablica, a qual dever\u00e1 ocorrer com anteced\u00eancia m\u00ednima de quinze dias \u00fateis da data prevista para a publica\u00e7\u00e3o do edital. (Reda\u00e7\u00e3o dada pelo Decreto n\u00ba 9.048, de 2017)\" href=\"http:\/\/legislacao.planalto.gov.br\/legisla\/legislacao.nsf\/Viw_Identificacao\/DEC%208.033-2013?OpenDocument\">art. 11, \u00a73\u00ba<\/a>, do <a href=\"http:\/\/legislacao.planalto.gov.br\/legisla\/legislacao.nsf\/Viw_Identificacao\/DEC%208.033-2013?OpenDocument\">Decreto n\u00ba 8.033\/2013<\/a>; II &#8211; encaminhar o estudo ao Poder Concedente, com as minutas de edital e contrato elaboradas pela Comiss\u00e3o Permanente de Licita\u00e7\u00e3o de Arrendamentos Portu\u00e1rios da ANTAQ &#8211; CPLA, para envio \u00e0 Corte de Contas; e III &#8211; encaminhar os presentes autos \u00e0 CPLA, visando ao regular prosseguimento do feito, e determinando que promova a interlocu\u00e7\u00e3o desta Ag\u00eancia junto ao Poder Concedente para acompanhamento dos desdobramentos dos processos PIMB-1857-2020 e PIMB-494\/2021, em tr\u00e2mite na Autoridade Portu\u00e1ria, e para estabelecer o fluxo mais adequado com rela\u00e7\u00e3o ao valor de outorga.<\/p>\n<p style=\"text-align: justify;\">Participaram da Reuni\u00e3o o Diretor-Geral, Eduardo Nery, o Diretor Adalberto Tokarski, a Diretora Relatora, Gabriela Costa, a Procuradora-Chefe, Nat\u00e1lia Moys\u00e9s, e a Secret\u00e1ria-Geral Substituta, Lorena do Carmo Souza.<\/p>\n<p style=\"text-align: justify;\">EDUARDO NERY MACHADO FILHO<br \/>\nDiretor-Geral<\/p>\n<p>Publicado no\u00a0<a href=\"https:\/\/pesquisa.in.gov.br\/imprensa\/jsp\/visualiza\/index.jsp?data=16\/03\/2021&amp;jornal=515&amp;pagina=34\" target=\"_blank\" rel=\"noopener noreferrer\">DOU de 16.03.2021, se\u00e7\u00e3o I<\/a><\/p>\n","protected":false},"excerpt":{"rendered":"<p>AC\u00d3RD\u00c3O N\u00ba 95-ANTAQ, DE 12 DE MAR\u00c7O DE 2021 Processo: 50300.002634\/2021-23 Parte: MINIST\u00c9RIO DA INFRAESTRUTURA (37.115.342\/0001-67) Ementa: Trata o presente Ac\u00f3rd\u00e3o de procedimento licitat\u00f3rio, na modalidade simplificada, de \u00e1rea localizada no Porto Organizado de Imbituba\/SC, destinada \u00e0 movimenta\u00e7\u00e3o, \u00e0 armazenagem e \u00e0 expedi\u00e7\u00e3o de granel l\u00edquido, especialmente soda c\u00e1ustica, denominada IMB05. Ac\u00f3rd\u00e3o: Vistos, relatados e&nbsp;&hellip;<\/p>\n","protected":false},"author":1,"featured_media":0,"comment_status":"open","ping_status":"open","sticky":false,"template":"","format":"standard","meta":[],"categories":[17536],"tags":[4485,17865,17866,3504,3505,17867,789,16830,17868,2970,3462,642],"_links":{"self":[{"href":"https:\/\/juris.antaq.gov.br\/index.php\/wp-json\/wp\/v2\/posts\/73404"}],"collection":[{"href":"https:\/\/juris.antaq.gov.br\/index.php\/wp-json\/wp\/v2\/posts"}],"about":[{"href":"https:\/\/juris.antaq.gov.br\/index.php\/wp-json\/wp\/v2\/types\/post"}],"author":[{"embeddable":true,"href":"https:\/\/juris.antaq.gov.br\/index.php\/wp-json\/wp\/v2\/users\/1"}],"replies":[{"embeddable":true,"href":"https:\/\/juris.antaq.gov.br\/index.php\/wp-json\/wp\/v2\/comments?post=73404"}],"version-history":[{"count":0,"href":"https:\/\/juris.antaq.gov.br\/index.php\/wp-json\/wp\/v2\/posts\/73404\/revisions"}],"wp:attachment":[{"href":"https:\/\/juris.antaq.gov.br\/index.php\/wp-json\/wp\/v2\/media?parent=73404"}],"wp:term":[{"taxonomy":"category","embeddable":true,"href":"https:\/\/juris.antaq.gov.br\/index.php\/wp-json\/wp\/v2\/categories?post=73404"},{"taxonomy":"post_tag","embeddable":true,"href":"https:\/\/juris.antaq.gov.br\/index.php\/wp-json\/wp\/v2\/tags?post=73404"}],"curies":[{"name":"wp","href":"https:\/\/api.w.org\/{rel}","templated":true}]}}