{"id":77841,"date":"2021-10-27T11:40:03","date_gmt":"2021-10-27T14:40:03","guid":{"rendered":"http:\/\/treinamentojuris.antaq.gov.br\/wordpress\/?p=77841"},"modified":"2022-02-04T10:20:05","modified_gmt":"2022-02-04T13:20:05","slug":"ta-1902","status":"publish","type":"post","link":"https:\/\/juris.antaq.gov.br\/index.php\/2021\/10\/27\/ta-1902\/","title":{"rendered":"TA-1902"},"content":{"rendered":"<p style=\"text-align: justify;\">TERMO DE AUTORIZA\u00c7\u00c3O N\u00ba 1.902-ANTAQ<\/p>\n<p class=\"Texto_Justificado_Recuo_Primeira_Linha\" style=\"text-align: justify;\">A DIRETORIA DA AG\u00caNCIA NACIONAL DE TRANSPORTES AQUAVI\u00c1RIOS &#8211; ANTAQ, no uso da compet\u00eancia que lhe \u00e9 conferida pelo <a title=\"VII - celebrar atos de outorga de autoriza\u00e7\u00e3o e de extin\u00e7\u00e3o de direito de presta\u00e7\u00e3o de servi\u00e7os de transporte pelas empresas de navega\u00e7\u00e3o de longo curso, de cabotagem, de apoio mar\u00edtimo, de apoio portu\u00e1rio e pelas empresas de navega\u00e7\u00e3o interior, observado o disposto nos arts. 13 e 14 da Lei n\u00ba 10.233, de 2001; \" href=\"http:\/\/pesquisa.in.gov.br\/imprensa\/jsp\/visualiza\/index.jsp?data=25\/08\/2014&amp;jornal=1&amp;pagina=1&amp;totalArquivos=132\">inciso VII do art. 4\u00ba<\/a> do Regimento Interno, considerando os elementos constantes do Processo n\u00ba 50300.016311\/2021-17\u00a0e tendo em vista o deliberado em sua 510\u00aa Reuni\u00e3o Ordin\u00e1ria, realizada em 4 de outubro de 2021,<br \/>\nResolve:<br \/>\nI &#8211; Autorizar o empres\u00e1rio individual F. DE OLIVEIRA PEREIRA, CNPJ n\u00ba 34.018.881\/0001-90, doravante denominado Autorizado, sediado em Manaus\/AM, a operar, por prazo indeterminado, na qualidade de Empresa Brasileira de Navega\u00e7\u00e3o (EBN) na presta\u00e7\u00e3o de servi\u00e7os de transporte de passageiros, na navega\u00e7\u00e3o interior de percurso longitudinal em munic\u00edpio de fronteira, na Regi\u00e3o Hidrogr\u00e1fica Amaz\u00f4nica, entre os munic\u00edpios de Manaus\/AM e Tabatinga\/AM.<br \/>\nII &#8211; Esta autoriza\u00e7\u00e3o reger-se-\u00e1 pela <a href=\"http:\/\/legislacao.planalto.gov.br\/legisla\/legislacao.nsf\/Viw_Identificacao\/lei%209.432-1997?OpenDocument\">Lei n\u00ba 9.432\/1997<\/a>; pela\u00a0<a href=\"http:\/\/legislacao.planalto.gov.br\/legisla\/legislacao.nsf\/Viw_Identificacao\/lei%2010.233-2001?OpenDocument\">Lei n\u00ba\u00a010.233\/2001<\/a>; pela\u00a0<a href=\"http:\/\/pesquisa.in.gov.br\/imprensa\/jsp\/visualiza\/index.jsp?data=28\/11\/2007&amp;jornal=1&amp;pagina=168&amp;totalArquivos=216\">Resolu\u00e7\u00e3o-ANTAQ n\u00ba 912<\/a>\u00a0e demais regulamentos aplic\u00e1veis \u00e0 esp\u00e9cie.<br \/>\nIII &#8211; O Autorizado se obriga a executar os servi\u00e7os de acordo com as normas de reg\u00eancia, inclusive no que toca \u00e0s exig\u00eancias dos \u00f3rg\u00e3os p\u00fablicos legalmente intervenientes, bem como observar as caracter\u00edsticas pr\u00f3prias da opera\u00e7\u00e3o, de forma a satisfazer os requisitos de regularidade, continuidade, efici\u00eancia, seguran\u00e7a, atendimento ao interesse p\u00fablico e preserva\u00e7\u00e3o do meio ambiente.<br \/>\nIV &#8211; A atividade ou servi\u00e7o objeto desta autoriza\u00e7\u00e3o ser\u00e1 prestado de acordo com o esquema operacional e com as embarca\u00e7\u00f5es descritas no Anexo deste Termo de Autoriza\u00e7\u00e3o.<br \/>\nV &#8211; O descumprimento de qualquer disposi\u00e7\u00e3o legal, regulamentar ou dos termos e condi\u00e7\u00f5es expressas ou decorrentes deste Termo de Autoriza\u00e7\u00e3o sujeitar\u00e1 o Autorizado \u00e0s penalidades normativamente previstas, observado o devido processo legal.<br \/>\nVI &#8211; Esta autoriza\u00e7\u00e3o poder\u00e1 ser extinta por ren\u00fancia, fal\u00eancia ou extin\u00e7\u00e3o do Autorizado, falecimento da pessoa f\u00edsica, ou pela ANTAQ, por meio de anula\u00e7\u00e3o, cassa\u00e7\u00e3o ou revoga\u00e7\u00e3o, mediante processo administrativo regular, na forma disposta nos instrumentos normativos.<br \/>\nVII &#8211; O presente Termo de Autoriza\u00e7\u00e3o entra em vigor na data de publica\u00e7\u00e3o do Ac\u00f3rd\u00e3o correlato, importando o in\u00edcio dos servi\u00e7os em plena aceita\u00e7\u00e3o, por parte do Autorizado, das condi\u00e7\u00f5es nele estabelecidas e na legisla\u00e7\u00e3o de reg\u00eancia.<br \/>\nEDUARDO NERY MACHADO FILHO<br \/>\nDiretor &#8211; Geral<\/p>\n<p class=\"Texto_Centralizado\" style=\"text-align: justify;\">ANEXO \u00daNICO DO TERMO DE AUTORIZA\u00c7\u00c3O N\u00ba\u00a01.902-ANTAQ\u200b<\/p>\n<p class=\"Texto_Centralizado\" style=\"text-align: justify;\">I &#8211; EMBARCA\u00c7\u00c3O DA FROTA AUTORIZADA<\/p>\n<table border=\"1\" cellspacing=\"0\" cellpadding=\"0\">\n<tbody>\n<tr>\n<td>\n<p class=\"Tabela_Texto_Centralizado\">NOME<\/p>\n<\/td>\n<td>\n<p class=\"Tabela_Texto_Centralizado\">INSCRI\u00c7\u00c3O<\/p>\n<\/td>\n<td>\n<p class=\"Tabela_Texto_Centralizado\">POSSE (PR\u00d3PRIA OU AFRETADA)<\/p>\n<\/td>\n<\/tr>\n<tr>\n<td>\n<p class=\"Tabela_Texto_Centralizado\">AGATHA FERNANDA<\/p>\n<\/td>\n<td>\n<p class=\"Tabela_Texto_Centralizado\">0011461934<\/p>\n<\/td>\n<td>\n<p class=\"Tabela_Texto_Centralizado\">PR\u00d3PRIA<\/p>\n<\/td>\n<\/tr>\n<\/tbody>\n<\/table>\n<p class=\"Texto_Centralizado\" style=\"text-align: justify;\">LINHA:\u00a0MANAUS\/AM &#8211; TABATINGA\/AM<br \/>\nREGI\u00c3O HIDROGR\u00c1FICA: AMAZ\u00d4NICA<br \/>\nEMBARCA\u00c7\u00c3O: AGATHA FERNANDA<\/p>\n<table border=\"0\" cellspacing=\"3\" cellpadding=\"0\">\n<tbody>\n<tr>\n<td>\n<table border=\"1\" cellspacing=\"0\" cellpadding=\"1\">\n<thead>\n<tr>\n<th colspan=\"6\" scope=\"col\">\n<p class=\"Tabela_Texto_Centralizado\">AGATHA FERNANDA\u00a0&#8211; IDA<\/p>\n<\/th>\n<\/tr>\n<\/thead>\n<tbody>\n<tr>\n<td colspan=\"3\">\n<p class=\"Tabela_Texto_Centralizado\">PARTIDA<\/p>\n<\/td>\n<td colspan=\"3\">\n<p class=\"Tabela_Texto_Centralizado\">CHEGADA<\/p>\n<\/td>\n<\/tr>\n<tr>\n<td>\n<p class=\"Tabela_Texto_Centralizado\">LOCAL<\/p>\n<\/td>\n<td>\n<p class=\"Tabela_Texto_Centralizado\">DIA DA SEMANA<\/p>\n<\/td>\n<td>\n<p class=\"Tabela_Texto_Centralizado\">HOR\u00c1RIO<\/p>\n<\/td>\n<td>\n<p class=\"Tabela_Texto_Centralizado\">LOCAL<\/p>\n<\/td>\n<td>\n<p class=\"Tabela_Texto_Centralizado\">DIA DA SEMANA<\/p>\n<\/td>\n<td>\n<p class=\"Tabela_Texto_Centralizado\">HOR\u00c1RIO<\/p>\n<\/td>\n<\/tr>\n<tr>\n<td>\n<p class=\"Tabela_Texto_Centralizado\">Manaus\/AM<\/p>\n<\/td>\n<td>\n<p class=\"Tabela_Texto_Centralizado\">Quarta &#8211; feira<\/p>\n<\/td>\n<td>\n<p class=\"Tabela_Texto_Centralizado\">06:00<\/p>\n<\/td>\n<td>\n<p class=\"Tabela_Texto_Centralizado\">Codaj\u00e1s\/AM<\/p>\n<\/td>\n<td>\n<p class=\"Tabela_Texto_Centralizado\">Quarta &#8211; feira<\/p>\n<\/td>\n<td>\n<p class=\"Tabela_Texto_Centralizado\">11:00<\/p>\n<\/td>\n<\/tr>\n<tr>\n<td>\n<p class=\"Tabela_Texto_Centralizado\">Codaj\u00e1s\/AM<\/p>\n<\/td>\n<td>\n<p class=\"Tabela_Texto_Centralizado\">Quarta &#8211; feira<\/p>\n<\/td>\n<td>\n<p class=\"Tabela_Texto_Centralizado\">11:30<\/p>\n<\/td>\n<td>\n<p class=\"Tabela_Texto_Centralizado\">Coari\/AM<\/p>\n<\/td>\n<td>\n<p class=\"Tabela_Texto_Centralizado\">Quarta &#8211; feira<\/p>\n<\/td>\n<td>\n<p class=\"Tabela_Texto_Centralizado\">15:00<\/p>\n<\/td>\n<\/tr>\n<tr>\n<td>\n<p class=\"Tabela_Texto_Centralizado\">Coari\/AM<\/p>\n<\/td>\n<td>\n<p class=\"Tabela_Texto_Centralizado\">Quarta &#8211; feira<\/p>\n<\/td>\n<td>\n<p class=\"Tabela_Texto_Centralizado\">15:30<\/p>\n<\/td>\n<td>\n<p class=\"Tabela_Texto_Centralizado\">Tef\u00e9\/AM<\/p>\n<\/td>\n<td>\n<p class=\"Tabela_Texto_Centralizado\">Quarta &#8211; feira<\/p>\n<\/td>\n<td>\n<p class=\"Tabela_Texto_Centralizado\">22:30<\/p>\n<\/td>\n<\/tr>\n<tr>\n<td>\n<p class=\"Tabela_Texto_Centralizado\">Tef\u00e9\/AM<\/p>\n<\/td>\n<td>\n<p class=\"Tabela_Texto_Centralizado\">Quarta &#8211; feira<\/p>\n<\/td>\n<td>\n<p class=\"Tabela_Texto_Centralizado\">23:00<\/p>\n<\/td>\n<td>\n<p class=\"Tabela_Texto_Centralizado\">Fonte Boa\/AM<\/p>\n<\/td>\n<td>\n<p class=\"Tabela_Texto_Centralizado\">Quinta &#8211; feira<\/p>\n<\/td>\n<td>\n<p class=\"Tabela_Texto_Centralizado\">02:00<\/p>\n<\/td>\n<\/tr>\n<tr>\n<td>\n<p class=\"Tabela_Texto_Centralizado\">Fonte Boa\/AM<\/p>\n<\/td>\n<td>\n<p class=\"Tabela_Texto_Centralizado\">Quinta &#8211; feira<\/p>\n<\/td>\n<td>\n<p class=\"Tabela_Texto_Centralizado\">02:30<\/p>\n<\/td>\n<td>\n<p class=\"Tabela_Texto_Centralizado\">Juta\u00ed\/AM<\/p>\n<\/td>\n<td>\n<p class=\"Tabela_Texto_Centralizado\">Quinta &#8211; feira<\/p>\n<\/td>\n<td>\n<p class=\"Tabela_Texto_Centralizado\">05:00<\/p>\n<\/td>\n<\/tr>\n<tr>\n<td>\n<p class=\"Tabela_Texto_Centralizado\">Juta\u00ed\/AM<\/p>\n<\/td>\n<td>\n<p class=\"Tabela_Texto_Centralizado\">Quinta &#8211; feira<\/p>\n<\/td>\n<td>\n<p class=\"Tabela_Texto_Centralizado\">05:30<\/p>\n<\/td>\n<td>\n<p class=\"Tabela_Texto_Centralizado\">Tonantins\/AM<\/p>\n<\/td>\n<td>\n<p class=\"Tabela_Texto_Centralizado\">Quinta &#8211; feira<\/p>\n<\/td>\n<td>\n<p class=\"Tabela_Texto_Centralizado\">07:00<\/p>\n<\/td>\n<\/tr>\n<tr>\n<td>\n<p class=\"Tabela_Texto_Centralizado\">Tonantins\/AM<\/p>\n<\/td>\n<td>\n<p class=\"Tabela_Texto_Centralizado\">Quinta &#8211; feira<\/p>\n<\/td>\n<td>\n<p class=\"Tabela_Texto_Centralizado\">07:30<\/p>\n<\/td>\n<td>\n<p class=\"Tabela_Texto_Centralizado\">Santo Ant\u00f4nio do I\u00e7\u00e1\/AM<\/p>\n<\/td>\n<td>\n<p class=\"Tabela_Texto_Centralizado\">Quinta &#8211; feira<\/p>\n<\/td>\n<td>\n<p class=\"Tabela_Texto_Centralizado\">09:00<\/p>\n<\/td>\n<\/tr>\n<tr>\n<td>\n<p class=\"Tabela_Texto_Centralizado\">Santo Ant\u00f4nio do I\u00e7\u00e1\/AM<\/p>\n<\/td>\n<td>\n<p class=\"Tabela_Texto_Centralizado\">Quinta &#8211; feira<\/p>\n<\/td>\n<td>\n<p class=\"Tabela_Texto_Centralizado\">09:30<\/p>\n<\/td>\n<td>\n<p class=\"Tabela_Texto_Centralizado\">Amatur\u00e1\/AM<\/p>\n<\/td>\n<td>\n<p class=\"Tabela_Texto_Centralizado\">Quinta &#8211; feira<\/p>\n<\/td>\n<td>\n<p class=\"Tabela_Texto_Centralizado\">11:30<\/p>\n<\/td>\n<\/tr>\n<tr>\n<td>\n<p class=\"Tabela_Texto_Centralizado\">Amatur\u00e1\/AM<\/p>\n<\/td>\n<td>\n<p class=\"Tabela_Texto_Centralizado\">Quinta &#8211; feira<\/p>\n<\/td>\n<td>\n<p class=\"Tabela_Texto_Centralizado\">12:00<\/p>\n<\/td>\n<td>\n<p class=\"Tabela_Texto_Centralizado\">S\u00e3o Paulo de Oliven\u00e7a\/AM<\/p>\n<\/td>\n<td>\n<p class=\"Tabela_Texto_Centralizado\">Quinta &#8211; feira<\/p>\n<\/td>\n<td>\n<p class=\"Tabela_Texto_Centralizado\">13:00<\/p>\n<\/td>\n<\/tr>\n<tr>\n<td>\n<p class=\"Tabela_Texto_Centralizado\">S\u00e3o Paulo de Oliven\u00e7a\/AM<\/p>\n<\/td>\n<td>\n<p class=\"Tabela_Texto_Centralizado\">Quinta &#8211; feira<\/p>\n<\/td>\n<td>\n<p class=\"Tabela_Texto_Centralizado\">13:30<\/p>\n<\/td>\n<td>\n<p class=\"Tabela_Texto_Centralizado\">Benjamin Constant\/AM<\/p>\n<\/td>\n<td>\n<p class=\"Tabela_Texto_Centralizado\">Quinta &#8211; feira<\/p>\n<\/td>\n<td>\n<p class=\"Tabela_Texto_Centralizado\">14:30<\/p>\n<\/td>\n<\/tr>\n<tr>\n<td>\n<p class=\"Tabela_Texto_Centralizado\">Benjamin Constant\/AM<\/p>\n<\/td>\n<td>\n<p class=\"Tabela_Texto_Centralizado\">Quinta &#8211; feira<\/p>\n<\/td>\n<td>\n<p class=\"Tabela_Texto_Centralizado\">14:15<\/p>\n<\/td>\n<td>\n<p class=\"Tabela_Texto_Centralizado\">Tabatinga\/AM<\/p>\n<\/td>\n<td>\n<p class=\"Tabela_Texto_Centralizado\">Quinta &#8211; feira<\/p>\n<\/td>\n<td>\n<p class=\"Tabela_Texto_Centralizado\">17:30<\/p>\n<\/td>\n<\/tr>\n<\/tbody>\n<\/table>\n<table border=\"1\" cellspacing=\"0\" cellpadding=\"1\">\n<thead>\n<tr>\n<th colspan=\"6\" scope=\"col\">\n<p class=\"Tabela_Texto_Centralizado\">AGATHA FERNANDA\u00a0&#8211; VOLTA<\/p>\n<\/th>\n<\/tr>\n<\/thead>\n<tbody>\n<tr>\n<td colspan=\"3\">\n<p class=\"Tabela_Texto_Centralizado\">PARTIDA<\/p>\n<\/td>\n<td colspan=\"3\">\n<p class=\"Tabela_Texto_Centralizado\">CHEGADA<\/p>\n<\/td>\n<\/tr>\n<tr>\n<td>\n<p class=\"Tabela_Texto_Centralizado\">LOCAL<\/p>\n<\/td>\n<td>\n<p class=\"Tabela_Texto_Centralizado\">DIA DA SEMANA<\/p>\n<\/td>\n<td>\n<p class=\"Tabela_Texto_Centralizado\">HOR\u00c1RIO<\/p>\n<\/td>\n<td>\n<p class=\"Tabela_Texto_Centralizado\">LOCAL<\/p>\n<\/td>\n<td>\n<p class=\"Tabela_Texto_Centralizado\">DIA DA SEMANA<\/p>\n<\/td>\n<td>\n<p class=\"Tabela_Texto_Centralizado\">HOR\u00c1RIO<\/p>\n<\/td>\n<\/tr>\n<tr>\n<td>\n<p class=\"Tabela_Texto_Centralizado\">Tabatinga\/AM<\/p>\n<\/td>\n<td>\n<p class=\"Tabela_Texto_Centralizado\">Sexta &#8211; feira<\/p>\n<\/td>\n<td>\n<p class=\"Tabela_Texto_Centralizado\">06:00<\/p>\n<\/td>\n<td>\n<p class=\"Tabela_Texto_Centralizado\">Benjamin Constant\/AM<\/p>\n<\/td>\n<td>\n<p class=\"Tabela_Texto_Centralizado\">Sexta &#8211; feira<\/p>\n<\/td>\n<td>\n<p class=\"Tabela_Texto_Centralizado\">09:00<\/p>\n<\/td>\n<\/tr>\n<tr>\n<td>\n<p class=\"Tabela_Texto_Centralizado\">Benjamin Constant\/AM<\/p>\n<\/td>\n<td>\n<p class=\"Tabela_Texto_Centralizado\">Sexta &#8211; feira<\/p>\n<\/td>\n<td>\n<p class=\"Tabela_Texto_Centralizado\">09:30<\/p>\n<\/td>\n<td>\n<p class=\"Tabela_Texto_Centralizado\">S\u00e3o Paulo de Oliven\u00e7a\/AM<\/p>\n<\/td>\n<td>\n<p class=\"Tabela_Texto_Centralizado\">Sexta &#8211; feira<\/p>\n<\/td>\n<td>\n<p class=\"Tabela_Texto_Centralizado\">10:00<\/p>\n<\/td>\n<\/tr>\n<tr>\n<td>\n<p class=\"Tabela_Texto_Centralizado\">S\u00e3o Paulo de Oliven\u00e7a\/AM<\/p>\n<\/td>\n<td>\n<p class=\"Tabela_Texto_Centralizado\">Sexta &#8211; feira<\/p>\n<\/td>\n<td>\n<p class=\"Tabela_Texto_Centralizado\">10:30<\/p>\n<\/td>\n<td>\n<p class=\"Tabela_Texto_Centralizado\">Amatur\u00e1\/AM<\/p>\n<\/td>\n<td>\n<p class=\"Tabela_Texto_Centralizado\">Sexta &#8211; feira<\/p>\n<\/td>\n<td>\n<p class=\"Tabela_Texto_Centralizado\">12:30<\/p>\n<\/td>\n<\/tr>\n<tr>\n<td>\n<p class=\"Tabela_Texto_Centralizado\">Amatur\u00e1\/AM<\/p>\n<\/td>\n<td>\n<p class=\"Tabela_Texto_Centralizado\">Sexta &#8211; feira<\/p>\n<\/td>\n<td>\n<p class=\"Tabela_Texto_Centralizado\">13:00<\/p>\n<\/td>\n<td>\n<p class=\"Tabela_Texto_Centralizado\">Santo Ant\u00f4nio do I\u00e7\u00e1\/AM<\/p>\n<\/td>\n<td>\n<p class=\"Tabela_Texto_Centralizado\">Sexta &#8211; feira<\/p>\n<\/td>\n<td>\n<p class=\"Tabela_Texto_Centralizado\">14:30<\/p>\n<\/td>\n<\/tr>\n<tr>\n<td>\n<p class=\"Tabela_Texto_Centralizado\">Santo Ant\u00f4nio do I\u00e7\u00e1\/AM<\/p>\n<\/td>\n<td>\n<p class=\"Tabela_Texto_Centralizado\">Sexta &#8211; feira<\/p>\n<\/td>\n<td>\n<p class=\"Tabela_Texto_Centralizado\">14:45<\/p>\n<\/td>\n<td>\n<p class=\"Tabela_Texto_Centralizado\">Tonantins\/AM<\/p>\n<\/td>\n<td>\n<p class=\"Tabela_Texto_Centralizado\">Sexta &#8211; feira<\/p>\n<\/td>\n<td>\n<p class=\"Tabela_Texto_Centralizado\">16:45<\/p>\n<\/td>\n<\/tr>\n<tr>\n<td>\n<p class=\"Tabela_Texto_Centralizado\">Tonantins\/AM<\/p>\n<\/td>\n<td>\n<p class=\"Tabela_Texto_Centralizado\">Sexta &#8211; feira<\/p>\n<\/td>\n<td>\n<p class=\"Tabela_Texto_Centralizado\">17:15<\/p>\n<\/td>\n<td>\n<p class=\"Tabela_Texto_Centralizado\">Juta\u00ed\/AM<\/p>\n<\/td>\n<td>\n<p class=\"Tabela_Texto_Centralizado\">Sexta &#8211; feira<\/p>\n<\/td>\n<td>\n<p class=\"Tabela_Texto_Centralizado\">19:00<\/p>\n<\/td>\n<\/tr>\n<tr>\n<td>\n<p class=\"Tabela_Texto_Centralizado\">Juta\u00ed\/AM<\/p>\n<\/td>\n<td>\n<p class=\"Tabela_Texto_Centralizado\">Sexta &#8211; feira<\/p>\n<\/td>\n<td>\n<p class=\"Tabela_Texto_Centralizado\">19:30<\/p>\n<\/td>\n<td>\n<p class=\"Tabela_Texto_Centralizado\">Fonte Boa\/AM<\/p>\n<\/td>\n<td>\n<p class=\"Tabela_Texto_Centralizado\">Sexta &#8211; feira<\/p>\n<\/td>\n<td>\n<p class=\"Tabela_Texto_Centralizado\">22:30<\/p>\n<\/td>\n<\/tr>\n<tr>\n<td>\n<p class=\"Tabela_Texto_Centralizado\">Fonte Boa\/AM<\/p>\n<\/td>\n<td>\n<p class=\"Tabela_Texto_Centralizado\">Sexta &#8211; feira<\/p>\n<\/td>\n<td>\n<p class=\"Tabela_Texto_Centralizado\">23:00<\/p>\n<\/td>\n<td>\n<p class=\"Tabela_Texto_Centralizado\">Tef\u00e9\/AM<\/p>\n<\/td>\n<td>\n<p class=\"Tabela_Texto_Centralizado\">S\u00e1bado<\/p>\n<\/td>\n<td>\n<p class=\"Tabela_Texto_Centralizado\">03:30<\/p>\n<\/td>\n<\/tr>\n<tr>\n<td>\n<p class=\"Tabela_Texto_Centralizado\">Tef\u00e9\/AM<\/p>\n<\/td>\n<td>\n<p class=\"Tabela_Texto_Centralizado\">Quinta &#8211; feira<\/p>\n<\/td>\n<td>\n<p class=\"Tabela_Texto_Centralizado\">04:00<\/p>\n<\/td>\n<td>\n<p class=\"Tabela_Texto_Centralizado\">Coari\/AM<\/p>\n<\/td>\n<td>\n<p class=\"Tabela_Texto_Centralizado\">S\u00e1bado<\/p>\n<\/td>\n<td>\n<p class=\"Tabela_Texto_Centralizado\">10:30<\/p>\n<\/td>\n<\/tr>\n<tr>\n<td>\n<p class=\"Tabela_Texto_Centralizado\">Coari\/AM<\/p>\n<\/td>\n<td>\n<p class=\"Tabela_Texto_Centralizado\">Quinta &#8211; feira<\/p>\n<\/td>\n<td>\n<p class=\"Tabela_Texto_Centralizado\">11:00<\/p>\n<\/td>\n<td>\n<p class=\"Tabela_Texto_Centralizado\">Codaj\u00e1s\/AM<\/p>\n<\/td>\n<td>\n<p class=\"Tabela_Texto_Centralizado\">S\u00e1bado<\/p>\n<\/td>\n<td>\n<p class=\"Tabela_Texto_Centralizado\">14:00<\/p>\n<\/td>\n<\/tr>\n<tr>\n<td>\n<p class=\"Tabela_Texto_Centralizado\">Codaj\u00e1s\/AM<\/p>\n<\/td>\n<td>\n<p class=\"Tabela_Texto_Centralizado\">Quinta &#8211; feira<\/p>\n<\/td>\n<td>\n<p class=\"Tabela_Texto_Centralizado\">14:30<\/p>\n<\/td>\n<td>\n<p class=\"Tabela_Texto_Centralizado\">Manaus\/AM<\/p>\n<\/td>\n<td>\n<p class=\"Tabela_Texto_Centralizado\">S\u00e1bado<\/p>\n<\/td>\n<td>\n<p class=\"Tabela_Texto_Centralizado\">18:00<\/p>\n<\/td>\n<\/tr>\n<\/tbody>\n<\/table>\n<\/td>\n<\/tr>\n<\/tbody>\n<\/table>\n<p class=\"Texto_Justificado\" style=\"text-align: justify;\">Obs.: Mediante solicita\u00e7\u00e3o da Autorizada, este Anexo poder\u00e1 ser modificado por decis\u00e3o da \u00e1rea de outorgas da ANTAQ, que o manter\u00e1 atualizado no website da Ag\u00eancia (www.gov.br\/antaq\/pt-br).<\/p>\n<hr \/>\n<p class=\"Texto_Alinhado_Esquerda\" style=\"text-align: justify;\">1\u00ba TERMO ADITIVO DO TERMO DE AUTORIZA\u00c7\u00c3O N\u00ba\u00a01.902-ANTAQ<\/p>\n<p class=\"Texto_Alinhado_Esquerda_Espacamento_Simples\" style=\"text-align: justify;\">O DIRETOR-GERAL DA AG\u00caNCIA NACIONAL DE TRANSPORTES AQUAVI\u00c1RIOS &#8211; ANTAQ, no uso da compet\u00eancia que lhe \u00e9 conferida pelo <a title=\"VII - celebrar atos de outorga de autoriza\u00e7\u00e3o e de extin\u00e7\u00e3o de direito de presta\u00e7\u00e3o de servi\u00e7os de transporte pelas empresas de navega\u00e7\u00e3o de longo curso, de cabotagem, de apoio mar\u00edtimo, de apoio portu\u00e1rio e pelas empresas de navega\u00e7\u00e3o interior, observado o disposto nos arts. 13 e 14 da Lei n\u00ba 10.233, de 2001; \" href=\"http:\/\/pesquisa.in.gov.br\/imprensa\/jsp\/visualiza\/index.jsp?data=25\/08\/2014&amp;jornal=1&amp;pagina=1&amp;totalArquivos=132\">inciso VII do art. 4\u00ba<\/a> do Regimento Interno, considerando os elementos constantes do Processo n\u00ba 50300.001252\/2022-63\u00a0e tendo em vista a aprova\u00e7\u00e3o por parte do Superintendente de Outorgas, conforme delega\u00e7\u00e3o de compet\u00eancia contida na Portaria n\u00ba 282\/2014-DG,<br \/>\nResolve:<br \/>\nI &#8211; Aditar o Termo de Autoriza\u00e7\u00e3o n\u00ba 1.902-ANTAQ, de 11 de outubro de 2021, para alter\u00e1-lo,\u00a0passando a vigorar com a seguinte reda\u00e7\u00e3o:<br \/>\n<em>&#8220;I &#8211; Autorizar o empres\u00e1rio individual F. DE OLIVEIRA PEREIRA,<\/em>\u00a0<em>inscrito\u00a0no CNPJ\/MF sob o n\u00ba 34.018.881\/0001-90, doravante denominado\u00a0Autorizado, com sede no munic\u00edpio de\u00a0Manaus\/AM, a operar, por prazo indeterminado, na qualidade de Empresa Brasileira de Navega\u00e7\u00e3o &#8211; EBN, na presta\u00e7\u00e3o de servi\u00e7os de transporte de passageiros, na navega\u00e7\u00e3o interior de percurso longitudinal interestadual, na Regi\u00e3o Hidrogr\u00e1fica Amaz\u00f4nica, entre os munic\u00edpios de Manaus\/AM e\u00a0Santar\u00e9m\/PA.<br \/>\n<\/em><em>II &#8211; Esta autoriza\u00e7\u00e3o reger-se-\u00e1 pela <a href=\"http:\/\/legislacao.planalto.gov.br\/legisla\/legislacao.nsf\/Viw_Identificacao\/lei%209.432-1997?OpenDocument\">Lei n\u00ba 9.432<\/a>, de 1997; pela <a href=\"http:\/\/legislacao.planalto.gov.br\/legisla\/legislacao.nsf\/Viw_Identificacao\/lei%2010.233-2001?OpenDocument\">Lei n\u00ba 10.233<\/a>, de 2001; pela norma aprovada pela <a href=\"http:\/\/pesquisa.in.gov.br\/imprensa\/jsp\/visualiza\/index.jsp?data=28\/11\/2007&amp;jornal=1&amp;pagina=168&amp;totalArquivos=216\">Resolu\u00e7\u00e3o-ANTAQ n\u00ba 912<\/a> e demais regulamentos aplic\u00e1veis \u00e0 esp\u00e9cie.<br \/>\n<\/em><em>III &#8211; O\u00a0Autorizado\u00a0se obriga a executar os servi\u00e7os de acordo com as normas de reg\u00eancia, inclusive no que toca \u00e0s exig\u00eancias dos \u00f3rg\u00e3os p\u00fablicos legalmente intervenientes, bem como observar as caracter\u00edsticas pr\u00f3prias da opera\u00e7\u00e3o, de forma a satisfazer os requisitos de regularidade, continuidade, efici\u00eancia, seguran\u00e7a, atendimento ao interesse p\u00fablico e preserva\u00e7\u00e3o do meio ambiente.<br \/>\n<\/em><em>IV &#8211; A atividade ou servi\u00e7o objeto desta\u00a0autoriza\u00e7\u00e3o ser\u00e1 prestado de acordo com o esquema operacional e com a\u00a0embarca\u00e7\u00e3o\u00a0descritos\u00a0no Anexo deste Termo de Autoriza\u00e7\u00e3o.<br \/>\n<\/em><em>V &#8211; O descumprimento de qualquer disposi\u00e7\u00e3o legal, regulamentar ou dos termos e condi\u00e7\u00f5es expressas ou decorrentes deste Termo de Autoriza\u00e7\u00e3o, sujeitar\u00e1 o\u00a0Autorizado\u00a0\u00e0s penalidades normativamente previstas, observado o devido processo legal.<br \/>\n<\/em><em>VI &#8211; Esta autoriza\u00e7\u00e3o ser\u00e1 extinta por ren\u00fancia, fal\u00eancia ou extin\u00e7\u00e3o do\u00a0Autorizado, falecimento da pessoa f\u00edsica, ou pela ANTAQ, mediante anula\u00e7\u00e3o, cassa\u00e7\u00e3o ou revoga\u00e7\u00e3o, em sede de processo administrativo regular, na forma disposta nos instrumentos normativos de reg\u00eancia.<br \/>\n<\/em><em>VII &#8211; O presente Termo de Autoriza\u00e7\u00e3o entrar\u00e1 em vigor na data de publica\u00e7\u00e3o da Delibera\u00e7\u00e3o-DG\u00a0correlata, importando o in\u00edcio dos servi\u00e7os em plena aceita\u00e7\u00e3o,\u00a0por parte do\u00a0Autorizado, das condi\u00e7\u00f5es nele estabelecidas e na legisla\u00e7\u00e3o de reg\u00eancia.&#8221;<br \/>\n<\/em>II &#8211; O presente Termo Aditivo entrar\u00e1 em vigor na data de publica\u00e7\u00e3o da Delibera\u00e7\u00e3o-DG\u00a0correlata.<br \/>\nEDUARDO NERY MACHADO FILHO<br \/>\nDiretor-Geral<\/p>\n<p class=\"Texto_Centralizado\" style=\"text-align: justify;\">ANEXO &#8211; ESQUEMA OPERACIONAL<\/p>\n<p class=\"Tabela_Texto_Centralizado\" style=\"text-align: justify;\">I &#8211; EMBARCA\u00c7\u00d5ES<\/p>\n<table border=\"1\" cellspacing=\"1\" cellpadding=\"1\">\n<tbody>\n<tr>\n<td>\n<p class=\"Tabela_Texto_Centralizado\">NOME<\/p>\n<\/td>\n<td>\n<p class=\"Tabela_Texto_Centralizado\">INSCRI\u00c7\u00c3O<\/p>\n<\/td>\n<td>\n<p class=\"Tabela_Texto_Centralizado\">POSSE (PR\u00d3PRIA OU AFRETADA)<\/p>\n<\/td>\n<\/tr>\n<tr>\n<td>\n<p class=\"Tabela_Texto_Centralizado\">AGATHA FERNANDA<\/p>\n<\/td>\n<td>\n<p class=\"Tabela_Texto_Centralizado\">\u00a00011461934<\/p>\n<\/td>\n<td>\n<p class=\"Tabela_Texto_Centralizado\">PR\u00d3PRIA<\/p>\n<\/td>\n<\/tr>\n<\/tbody>\n<\/table>\n<p class=\"Tabela_Texto_Centralizado\" style=\"text-align: justify;\">II &#8211; ESQUEMA OPERACIONAL<\/p>\n<p class=\"Tabela_Texto_Centralizado\" style=\"text-align: justify;\">LINHA:\u00a0MANAUS\/AM &#8211;\u00a0SANTAR\u00c9M\/PA<br \/>\nREGI\u00c3O HIDROGR\u00c1FICA: AMAZ\u00d4NICA<br \/>\nEMBARCA\u00c7\u00c3O: AGATHA FERNANDA<\/p>\n<table border=\"1\" width=\"650\">\n<tbody>\n<tr>\n<td colspan=\"3\">\n<p class=\"Tabela_Texto_Centralizado\"><em>PARTIDA<\/em><\/p>\n<\/td>\n<td colspan=\"3\">\n<p class=\"Tabela_Texto_Centralizado\"><em>CHEGADA<\/em><\/p>\n<\/td>\n<\/tr>\n<tr>\n<td>\n<p class=\"Tabela_Texto_Centralizado\"><em>Local<\/em><\/p>\n<\/td>\n<td>\n<p class=\"Tabela_Texto_Centralizado\"><em>Dia da Semana<\/em><\/p>\n<\/td>\n<td>\n<p class=\"Tabela_Texto_Centralizado\"><em>Hor\u00e1rio<\/em><\/p>\n<\/td>\n<td>\n<p class=\"Tabela_Texto_Centralizado\"><em>Local<\/em><\/p>\n<\/td>\n<td>\n<p class=\"Tabela_Texto_Centralizado\"><em>Dia da Semana<\/em><\/p>\n<\/td>\n<td>\n<p class=\"Tabela_Texto_Centralizado\"><em>Hor\u00e1rio<\/em><\/p>\n<\/td>\n<\/tr>\n<tr>\n<td>\n<p class=\"Tabela_Texto_Centralizado\"><em>Manaus\/AM<\/em><\/p>\n<\/td>\n<td>\n<p class=\"Tabela_Texto_Centralizado\"><em>Ter\u00e7a-feira\u00a0<\/em><\/p>\n<\/td>\n<td>\n<p class=\"Tabela_Texto_Centralizado\"><em>5h00<\/em><\/p>\n<\/td>\n<td>\n<p class=\"Tabela_Texto_Centralizado\"><i>Itacoatiara\/AM<\/i><\/p>\n<\/td>\n<td>\n<p class=\"Tabela_Texto_Centralizado\"><em>Ter\u00e7a-feira\u00a0\u00a0<\/em><\/p>\n<\/td>\n<td>\n<p class=\"Tabela_Texto_Centralizado\"><em>9h00<\/em><\/p>\n<\/td>\n<\/tr>\n<tr>\n<td>\n<p class=\"Tabela_Texto_Centralizado\"><i>Itacoatiara\/AM<\/i><\/p>\n<\/td>\n<td>\n<p class=\"Tabela_Texto_Centralizado\"><em>Ter\u00e7a-feira\u00a0\u00a0<\/em><\/p>\n<\/td>\n<td>\n<p class=\"Tabela_Texto_Centralizado\"><em>9h15<\/em><\/p>\n<\/td>\n<td>\n<p class=\"Tabela_Texto_Centralizado\"><em>Parintins\/AM<\/em><\/p>\n<\/td>\n<td>\n<p class=\"Tabela_Texto_Centralizado\"><em>Ter\u00e7a-feira\u00a0<\/em><\/p>\n<\/td>\n<td>\n<p class=\"Tabela_Texto_Centralizado\"><em>15h00<\/em><\/p>\n<\/td>\n<\/tr>\n<tr>\n<td>\n<p class=\"Tabela_Texto_Centralizado\"><em>Parintins\/AM<\/em><\/p>\n<\/td>\n<td>\n<p class=\"Tabela_Texto_Centralizado\"><em>Ter\u00e7a-feira\u00a0<\/em><\/p>\n<\/td>\n<td>\n<p class=\"Tabela_Texto_Centralizado\"><em>15h30<\/em><\/p>\n<\/td>\n<td>\n<p class=\"Tabela_Texto_Centralizado\"><em>Juruti\/PA<\/em><\/p>\n<\/td>\n<td>\n<p class=\"Tabela_Texto_Centralizado\"><em>Ter\u00e7a-feira\u00a0<\/em><\/p>\n<\/td>\n<td>\n<p class=\"Tabela_Texto_Centralizado\"><em>16h30<\/em><\/p>\n<\/td>\n<\/tr>\n<tr>\n<td>\n<p class=\"Tabela_Texto_Centralizado\"><em>Juruti\/PA<\/em><\/p>\n<\/td>\n<td>\n<p class=\"Tabela_Texto_Centralizado\"><em>Ter\u00e7a-feira\u00a0<\/em><\/p>\n<\/td>\n<td>\n<p class=\"Tabela_Texto_Centralizado\"><em>16h45<\/em><\/p>\n<\/td>\n<td>\n<p class=\"Tabela_Texto_Centralizado\"><em>\u00d3bidos\/PA<\/em><\/p>\n<\/td>\n<td>\n<p class=\"Tabela_Texto_Centralizado\"><em>Ter\u00e7a-feira\u00a0<\/em><\/p>\n<\/td>\n<td>\n<p class=\"Tabela_Texto_Centralizado\"><em>18h45<\/em><\/p>\n<\/td>\n<\/tr>\n<tr>\n<td>\n<p class=\"Tabela_Texto_Centralizado\"><em>\u00d3bidos\/PA<\/em><\/p>\n<\/td>\n<td>\n<p class=\"Tabela_Texto_Centralizado\"><em>Ter\u00e7a-feira\u00a0<\/em><\/p>\n<\/td>\n<td>\n<p class=\"Tabela_Texto_Centralizado\"><em>19h00<\/em><\/p>\n<\/td>\n<td>\n<p class=\"Tabela_Texto_Centralizado\"><em>Santar\u00e9m\/PA<\/em><\/p>\n<\/td>\n<td>\n<p class=\"Tabela_Texto_Centralizado\"><em>Ter\u00e7a-feira\u00a0\u00a0<\/em><\/p>\n<\/td>\n<td>\n<p class=\"Tabela_Texto_Centralizado\"><em>21h40<\/em><\/p>\n<\/td>\n<\/tr>\n<tr>\n<td>\n<p class=\"Tabela_Texto_Centralizado\"><em>Santar\u00e9m\/PA<\/em><\/p>\n<\/td>\n<td>\n<p class=\"Tabela_Texto_Centralizado\"><em>Quinta-feira<\/em><\/p>\n<\/td>\n<td>\n<p class=\"Tabela_Texto_Centralizado\"><em>5h30<\/em><\/p>\n<\/td>\n<td>\n<p class=\"Tabela_Texto_Centralizado\"><em>\u00d3bidos\/PA<\/em><\/p>\n<\/td>\n<td>\n<p class=\"Tabela_Texto_Centralizado\"><em>Quinta-feira<\/em><\/p>\n<\/td>\n<td>\n<p class=\"Tabela_Texto_Centralizado\"><em>7h40<\/em><\/p>\n<\/td>\n<\/tr>\n<tr>\n<td>\n<p class=\"Tabela_Texto_Centralizado\"><em>\u00d3bidos\/PA<\/em><\/p>\n<\/td>\n<td>\n<p class=\"Tabela_Texto_Centralizado\"><em>Quinta-feira<\/em><\/p>\n<\/td>\n<td>\n<p class=\"Tabela_Texto_Centralizado\"><em>8h00<\/em><\/p>\n<\/td>\n<td>\n<p class=\"Tabela_Texto_Centralizado\"><em>Juruti\/PA<\/em><\/p>\n<\/td>\n<td>\n<p class=\"Tabela_Texto_Centralizado\"><em>Quinta-feira<\/em><\/p>\n<\/td>\n<td>\n<p class=\"Tabela_Texto_Centralizado\">8h40<\/p>\n<\/td>\n<\/tr>\n<tr>\n<td>\n<p class=\"Tabela_Texto_Centralizado\"><em>Juruti\/PA<\/em><\/p>\n<\/td>\n<td>\n<p class=\"Tabela_Texto_Centralizado\"><em>Quinta-feira<\/em><\/p>\n<\/td>\n<td>\n<p class=\"Tabela_Texto_Centralizado\"><em>9h00<\/em><\/p>\n<\/td>\n<td>\n<p class=\"Tabela_Texto_Centralizado\"><em>Parintins\/AM<\/em><\/p>\n<\/td>\n<td>\n<p class=\"Tabela_Texto_Centralizado\"><em>Quinta-feira<\/em><\/p>\n<\/td>\n<td>\n<p class=\"Tabela_Texto_Centralizado\"><em>11h30<\/em><\/p>\n<\/td>\n<\/tr>\n<tr>\n<td>\n<p class=\"Tabela_Texto_Centralizado\"><em>Parintins\/AM<\/em><\/p>\n<\/td>\n<td>\n<p class=\"Tabela_Texto_Centralizado\"><em>Quinta-feira<\/em><\/p>\n<\/td>\n<td>\n<p class=\"Tabela_Texto_Centralizado\"><em>12h00<\/em><\/p>\n<\/td>\n<td>\n<p class=\"Tabela_Texto_Centralizado\"><i>Itacoatiara\/AM<\/i><\/p>\n<\/td>\n<td>\n<p class=\"Tabela_Texto_Centralizado\"><em>Quinta-feira<\/em><\/p>\n<\/td>\n<td>\n<p class=\"Tabela_Texto_Centralizado\"><em>17h00<\/em><\/p>\n<\/td>\n<\/tr>\n<tr>\n<td>\n<p class=\"Tabela_Texto_Centralizado\"><i>Itacoatiara\/AM<\/i><\/p>\n<\/td>\n<td>\n<p class=\"Tabela_Texto_Centralizado\"><em>Quinta-feira<\/em><\/p>\n<\/td>\n<td>\n<p class=\"Tabela_Texto_Centralizado\"><em>17h30<\/em><\/p>\n<\/td>\n<td>\n<p class=\"Tabela_Texto_Centralizado\"><em>Manaus\/AM<\/em><\/p>\n<\/td>\n<td>\n<p class=\"Tabela_Texto_Centralizado\"><em>Quinta-feira<\/em><\/p>\n<\/td>\n<td>\n<p class=\"Tabela_Texto_Centralizado\"><em>21h30<\/em><\/p>\n<\/td>\n<\/tr>\n<\/tbody>\n<\/table>\n<p class=\"Texto_Centralizado\" style=\"text-align: justify;\"><em>Obs.: Mediante solicita\u00e7\u00e3o da Autorizada, este Anexo poder\u00e1 ser modificado por decis\u00e3o\u00a0da ANTAQ, que o manter\u00e1 atualizado no website da Ag\u00eancia\u00a0(portal.antaq.gov.br).<\/em><\/p>\n","protected":false},"excerpt":{"rendered":"<p>TERMO DE AUTORIZA\u00c7\u00c3O N\u00ba 1.902-ANTAQ A DIRETORIA DA AG\u00caNCIA NACIONAL DE TRANSPORTES AQUAVI\u00c1RIOS &#8211; ANTAQ, no uso da compet\u00eancia que lhe \u00e9 conferida pelo inciso VII do art. 4\u00ba do Regimento Interno, considerando os elementos constantes do Processo n\u00ba 50300.016311\/2021-17\u00a0e tendo em vista o deliberado em sua 510\u00aa Reuni\u00e3o Ordin\u00e1ria, realizada em 4 de outubro&nbsp;&hellip;<\/p>\n","protected":false},"author":1,"featured_media":0,"comment_status":"open","ping_status":"open","sticky":false,"template":"","format":"standard","meta":[],"categories":[16284],"tags":[3920,37953,37892,37955,3513,37954,16,2923,4583,5157,4623,18,1000,37956,3484],"_links":{"self":[{"href":"https:\/\/juris.antaq.gov.br\/index.php\/wp-json\/wp\/v2\/posts\/77841"}],"collection":[{"href":"https:\/\/juris.antaq.gov.br\/index.php\/wp-json\/wp\/v2\/posts"}],"about":[{"href":"https:\/\/juris.antaq.gov.br\/index.php\/wp-json\/wp\/v2\/types\/post"}],"author":[{"embeddable":true,"href":"https:\/\/juris.antaq.gov.br\/index.php\/wp-json\/wp\/v2\/users\/1"}],"replies":[{"embeddable":true,"href":"https:\/\/juris.antaq.gov.br\/index.php\/wp-json\/wp\/v2\/comments?post=77841"}],"version-history":[{"count":3,"href":"https:\/\/juris.antaq.gov.br\/index.php\/wp-json\/wp\/v2\/posts\/77841\/revisions"}],"predecessor-version":[{"id":85574,"href":"https:\/\/juris.antaq.gov.br\/index.php\/wp-json\/wp\/v2\/posts\/77841\/revisions\/85574"}],"wp:attachment":[{"href":"https:\/\/juris.antaq.gov.br\/index.php\/wp-json\/wp\/v2\/media?parent=77841"}],"wp:term":[{"taxonomy":"category","embeddable":true,"href":"https:\/\/juris.antaq.gov.br\/index.php\/wp-json\/wp\/v2\/categories?post=77841"},{"taxonomy":"post_tag","embeddable":true,"href":"https:\/\/juris.antaq.gov.br\/index.php\/wp-json\/wp\/v2\/tags?post=77841"}],"curies":[{"name":"wp","href":"https:\/\/api.w.org\/{rel}","templated":true}]}}