{"id":793,"date":"2015-05-28T11:58:40","date_gmt":"2015-05-28T11:58:40","guid":{"rendered":"https:\/\/antaq.wordpress.com\/?p=793"},"modified":"2015-05-28T11:58:40","modified_gmt":"2015-05-28T11:58:40","slug":"ac-56-2014","status":"publish","type":"post","link":"https:\/\/juris.antaq.gov.br\/index.php\/2015\/05\/28\/ac-56-2014\/","title":{"rendered":"AC-56-2014"},"content":{"rendered":"<p style=\"text-align:justify;\">AC\u00d3RD\u00c3O N\u00ba 56 -2014-ANTAQ<br \/>\nProcesso: 50300.000703\/2009-78.<br \/>\nParte: HOTELARIA ARY S\/A.<\/p>\n<p style=\"text-align:justify;\">Ementa:<br \/>\nTrata o presente Ac\u00f3rd\u00e3o do exame de solicita\u00e7\u00e3o de prorroga\u00e7\u00e3o do CONT-SAFANTAQ\/N\u00ba 019\/2010, celebrado com empresa Hotelaria Ary S\/A., cujo objeto \u00e9 a loca\u00e7\u00e3o do\u00a0im\u00f3vel ocupado pela Unidade Administrativa Regional da ANTAQ em Fortaleza\/CE \u2013 UARFT.<\/p>\n<p style=\"text-align:justify;\">Ac\u00f3rd\u00e3o:<br \/>\nVistos, relatados e discutidos os presentes autos, na conformidade do voto objeto da Ata da\u00a0364\u00aa Reuni\u00e3o Ordin\u00e1ria da Diretoria, realizada em 5 de junho de 2014, o Diretor Fernando\u00a0Fonseca votou por impetrar a\u00e7\u00e3o judicial para garantir a perman\u00eancia da UARFT no im\u00f3vel\u00a0com prazo determinado.<\/p>\n<p style=\"text-align:justify;\">O Diretor Adalberto Tokarski votou pela contrata\u00e7\u00e3o direta para que a referida unidade\u00a0regional permane\u00e7a no mesmo im\u00f3vel at\u00e9 que se concluam as obras do posto avan\u00e7ado de\u00a0Fortaleza\/Mucuripe.<\/p>\n<p style=\"text-align:justify;\">O Diretor-Geral, M\u00e1rio Povia acompanhou o voto do Diretor Fernando Fonseca.<\/p>\n<p style=\"text-align:justify;\">Ap\u00f3s serem proferidos os votos dos Diretores, com discord\u00e2ncia do Diretor Adalberto\u00a0Tokarski, permaneceu a diverg\u00eancia no m\u00e9rito, prevalecendo assim o entendimento pela\u00a0interposi\u00e7\u00e3o de a\u00e7\u00e3o judicial que garanta a supracitada unidade no im\u00f3vel, com prazo\u00a0determinado.<\/p>\n<p style=\"text-align:justify;\">Participaram da reuni\u00e3o o Diretor-Geral, M\u00e1rio Povia, o Diretor Fernando Jos\u00e9\u00a0de P\u00e1dua Costa Fonseca, o Diretor Adalberto Tokarski, o Procurador-Geral, Luiz Eduardo\u00a0Diniz Ara\u00fajo, e o Secret\u00e1rio-Geral, Joelson Neves Miranda.<br \/>\n.<br \/>\nBras\u00edlia-DF, 18 de julho de 2014.<\/p>\n<p style=\"text-align:justify;\">M\u00c1RIO POVIA<br \/>\nDiretor-Geral<br \/>\nFERNANDO JOS\u00c9 DE P\u00c1DUA COSTA FONSECA<br \/>\nDiretor<br \/>\nADALBERTO TOKARSKI<br \/>\nDiretor<\/p>\n<p style=\"text-align:justify;\"><a href=\"http:\/\/pesquisa.in.gov.br\/imprensa\/servlet\/INPDFViewer?jornal=1&amp;pagina=4&amp;data=22\/07\/2014&amp;captchafield=firistAccess\" target=\"_blank\" rel=\"noopener noreferrer\">Publicado no DOU de 22\/07\/2014, se\u00e7\u00e3o I<\/a><\/p>\n","protected":false},"excerpt":{"rendered":"<p>AC\u00d3RD\u00c3O N\u00ba 56 -2014-ANTAQ Processo: 50300.000703\/2009-78. Parte: HOTELARIA ARY S\/A. Ementa: Trata o presente Ac\u00f3rd\u00e3o do exame de solicita\u00e7\u00e3o de prorroga\u00e7\u00e3o do CONT-SAFANTAQ\/N\u00ba 019\/2010, celebrado com empresa Hotelaria Ary S\/A., cujo objeto \u00e9 a loca\u00e7\u00e3o do\u00a0im\u00f3vel ocupado pela Unidade Administrativa Regional da ANTAQ em Fortaleza\/CE \u2013 UARFT. Ac\u00f3rd\u00e3o: Vistos, relatados e discutidos os presentes autos,&nbsp;&hellip;<\/p>\n","protected":false},"author":1,"featured_media":0,"comment_status":"closed","ping_status":"open","sticky":false,"template":"","format":"standard","meta":[],"categories":[1058,1169],"tags":[1168,1170,297,1171,1172],"_links":{"self":[{"href":"https:\/\/juris.antaq.gov.br\/index.php\/wp-json\/wp\/v2\/posts\/793"}],"collection":[{"href":"https:\/\/juris.antaq.gov.br\/index.php\/wp-json\/wp\/v2\/posts"}],"about":[{"href":"https:\/\/juris.antaq.gov.br\/index.php\/wp-json\/wp\/v2\/types\/post"}],"author":[{"embeddable":true,"href":"https:\/\/juris.antaq.gov.br\/index.php\/wp-json\/wp\/v2\/users\/1"}],"replies":[{"embeddable":true,"href":"https:\/\/juris.antaq.gov.br\/index.php\/wp-json\/wp\/v2\/comments?post=793"}],"version-history":[{"count":0,"href":"https:\/\/juris.antaq.gov.br\/index.php\/wp-json\/wp\/v2\/posts\/793\/revisions"}],"wp:attachment":[{"href":"https:\/\/juris.antaq.gov.br\/index.php\/wp-json\/wp\/v2\/media?parent=793"}],"wp:term":[{"taxonomy":"category","embeddable":true,"href":"https:\/\/juris.antaq.gov.br\/index.php\/wp-json\/wp\/v2\/categories?post=793"},{"taxonomy":"post_tag","embeddable":true,"href":"https:\/\/juris.antaq.gov.br\/index.php\/wp-json\/wp\/v2\/tags?post=793"}],"curies":[{"name":"wp","href":"https:\/\/api.w.org\/{rel}","templated":true}]}}