{"id":87018,"date":"2022-04-12T15:00:25","date_gmt":"2022-04-12T18:00:25","guid":{"rendered":"https:\/\/juris.antaq.gov.br\/?p=87018"},"modified":"2022-04-12T15:23:29","modified_gmt":"2022-04-12T18:23:29","slug":"ementa-ac-199-2022","status":"publish","type":"post","link":"https:\/\/juris.antaq.gov.br\/index.php\/2022\/04\/12\/ementa-ac-199-2022\/","title":{"rendered":"Ementa AC-199-2022"},"content":{"rendered":"<p class=\"Texto_Centralizado\" style=\"text-align: justify;\">Ementa de Ac\u00f3rd\u00e3o<\/p>\n<p class=\"Texto_Justificado\" style=\"text-align: justify;\">PLEITO DE PRORROGA\u00c7\u00c3O ORDIN\u00c1RIA DE CONTRATO DE ARRENDAMENTO. EQUIL\u00cdBRIO ECON\u00d4MICO-FINANCEIRO DE CONTRATO DE ARRENDAMENTO. AN\u00c1LISE COMPARATIVA DOS PAR\u00c2METROS DE EQUIL\u00cdBRIO ECON\u00d4MICO-FINANCEIRO COM BASE EM OUTRAS FIRMAS CONG\u00caNERES. VALOR PRESENTE L\u00cdQUIDO POSITIVO. DECLARA\u00c7\u00c3O DE ADIMPL\u00caNCIA CONTRATUAL PERANTE A ANTAQ.<\/p>\n<p class=\"Texto_Justificado\" style=\"text-align: justify;\">Data da Reuni\u00e3o: 28 a 30\/03\/2022 &#8211; Virtual.<br \/>\nN\u00famero da Reuni\u00e3o: 519<br \/>\nN\u00famero do ac\u00f3rd\u00e3o: <a href=\"https:\/\/juris.antaq.gov.br\/index.php\/2022\/04\/05\/ac-199-2022\/\">199-2022<\/a><br \/>\nDiretores presentes: Eduardo Nery (Presidente), Fl\u00e1via Takafashi (Relatora) e Jos\u00e9 Renato Fialho.<\/p>\n<p class=\"Texto_Centralizado\" style=\"text-align: justify;\">EDUARDO NERY MACHADO FILHO<br \/>\nDiretor-Geral<\/p>\n<p><a href=\"http:\/\/sophia.antaq.gov.br\/terminal\/acervo\/detalhe\/30530?guid=1649788408941&amp;returnUrl=%2fterminal%2fresultado%2flistar%3fguid%3d1649788408941%26quantidadePaginas%3d2%26codigoRegistro%3d30530%2330530&amp;i=38\">Acesso ao Ac\u00f3rd\u00e3o em PDF<\/a><\/p>\n","protected":false},"excerpt":{"rendered":"<p>Ementa de Ac\u00f3rd\u00e3o PLEITO DE PRORROGA\u00c7\u00c3O ORDIN\u00c1RIA DE CONTRATO DE ARRENDAMENTO. EQUIL\u00cdBRIO ECON\u00d4MICO-FINANCEIRO DE CONTRATO DE ARRENDAMENTO. AN\u00c1LISE COMPARATIVA DOS PAR\u00c2METROS DE EQUIL\u00cdBRIO ECON\u00d4MICO-FINANCEIRO COM BASE EM OUTRAS FIRMAS CONG\u00caNERES. VALOR PRESENTE L\u00cdQUIDO POSITIVO. DECLARA\u00c7\u00c3O DE ADIMPL\u00caNCIA CONTRATUAL PERANTE A ANTAQ. Data da Reuni\u00e3o: 28 a 30\/03\/2022 &#8211; Virtual. N\u00famero da Reuni\u00e3o: 519 N\u00famero do&nbsp;&hellip;<\/p>\n","protected":false},"author":3,"featured_media":0,"comment_status":"open","ping_status":"open","sticky":false,"template":"","format":"standard","meta":[],"categories":[40129],"tags":[40023,40086,4107,3535,36999,16718,16608],"_links":{"self":[{"href":"https:\/\/juris.antaq.gov.br\/index.php\/wp-json\/wp\/v2\/posts\/87018"}],"collection":[{"href":"https:\/\/juris.antaq.gov.br\/index.php\/wp-json\/wp\/v2\/posts"}],"about":[{"href":"https:\/\/juris.antaq.gov.br\/index.php\/wp-json\/wp\/v2\/types\/post"}],"author":[{"embeddable":true,"href":"https:\/\/juris.antaq.gov.br\/index.php\/wp-json\/wp\/v2\/users\/3"}],"replies":[{"embeddable":true,"href":"https:\/\/juris.antaq.gov.br\/index.php\/wp-json\/wp\/v2\/comments?post=87018"}],"version-history":[{"count":2,"href":"https:\/\/juris.antaq.gov.br\/index.php\/wp-json\/wp\/v2\/posts\/87018\/revisions"}],"predecessor-version":[{"id":87057,"href":"https:\/\/juris.antaq.gov.br\/index.php\/wp-json\/wp\/v2\/posts\/87018\/revisions\/87057"}],"wp:attachment":[{"href":"https:\/\/juris.antaq.gov.br\/index.php\/wp-json\/wp\/v2\/media?parent=87018"}],"wp:term":[{"taxonomy":"category","embeddable":true,"href":"https:\/\/juris.antaq.gov.br\/index.php\/wp-json\/wp\/v2\/categories?post=87018"},{"taxonomy":"post_tag","embeddable":true,"href":"https:\/\/juris.antaq.gov.br\/index.php\/wp-json\/wp\/v2\/tags?post=87018"}],"curies":[{"name":"wp","href":"https:\/\/api.w.org\/{rel}","templated":true}]}}