{"id":87140,"date":"2022-04-11T16:29:09","date_gmt":"2022-04-11T19:29:09","guid":{"rendered":"https:\/\/juris.antaq.gov.br\/?p=87140"},"modified":"2022-04-13T17:46:06","modified_gmt":"2022-04-13T20:46:06","slug":"ementa-ac-180-2022","status":"publish","type":"post","link":"https:\/\/juris.antaq.gov.br\/index.php\/2022\/04\/11\/ementa-ac-180-2022\/","title":{"rendered":"Ementa AC-180-2022"},"content":{"rendered":"<p class=\"Texto_Centralizado\" style=\"text-align: justify;\">Ementa de Ac\u00f3rd\u00e3o<\/p>\n<p class=\"Texto_Justificado\" style=\"text-align: justify;\">DEN\u00daNCIA DE INFRA\u00c7\u00c3O \u00c0 ORDEM ECON\u00d4MICA. ABUSO DE POSI\u00c7\u00c3O DOMINANTE. COBRAN\u00c7A ANTECIPADA DE VALORES DE SSE E DE SERVI\u00c7OS ASSOCIADOS \u00c0 CARGA EM TR\u00c2NSITO ADUANEIRO, SOB PENA DE RETEN\u00c7\u00c3O DE CARGA. MOVIMENTA\u00c7\u00c3O DE CONT\u00caINERES. POSSIBILIDADE DE COBRAN\u00c7A ANTECIPADA.<br \/>\nData da Reuni\u00e3o: 17\/03\/2022 &#8211; Telepresencial.<br \/>\nN\u00famero da Reuni\u00e3o: 518<br \/>\nN\u00famero do ac\u00f3rd\u00e3o: <a href=\"https:\/\/juris.antaq.gov.br\/index.php\/2022\/03\/23\/ac-180-2022\/\">180-2022<\/a><br \/>\nDiretores presentes: Eduardo Nery (Presidente) e Fl\u00e1via Takafashi (Revisora).<br \/>\nDiretor que votou em\u00a025\/11\/2021 (Reuni\u00e3o de n\u00ba 513):\u00a0Adalberto Tokarski.<br \/>\nDiretor com voto vencido: Adalberto Tokarski (Relator).<\/p>\n<p class=\"Texto_Centralizado\" style=\"text-align: justify;\">EDUARDO NERY MACHADO FILHO<br \/>\nDiretor-Geral<\/p>\n<p><a href=\"http:\/\/sophia.antaq.gov.br\/terminal\/acervo\/detalhe\/30447?guid=1649881141655&amp;returnUrl=%2fterminal%2fresultado%2flistarlegislacao%3fguid%3d1649881141655%26quantidadePaginas%3d1%26codigoRegistro%3d30447%2330447&amp;i=1\">Acesso ao Ac\u00f3rd\u00e3o em PDF<\/a><\/p>\n","protected":false},"excerpt":{"rendered":"<p>Ementa de Ac\u00f3rd\u00e3o DEN\u00daNCIA DE INFRA\u00c7\u00c3O \u00c0 ORDEM ECON\u00d4MICA. ABUSO DE POSI\u00c7\u00c3O DOMINANTE. COBRAN\u00c7A ANTECIPADA DE VALORES DE SSE E DE SERVI\u00c7OS ASSOCIADOS \u00c0 CARGA EM TR\u00c2NSITO ADUANEIRO, SOB PENA DE RETEN\u00c7\u00c3O DE CARGA. MOVIMENTA\u00c7\u00c3O DE CONT\u00caINERES. POSSIBILIDADE DE COBRAN\u00c7A ANTECIPADA. Data da Reuni\u00e3o: 17\/03\/2022 &#8211; Telepresencial. N\u00famero da Reuni\u00e3o: 518 N\u00famero do ac\u00f3rd\u00e3o: 180-2022&nbsp;&hellip;<\/p>\n","protected":false},"author":3,"featured_media":0,"comment_status":"open","ping_status":"open","sticky":false,"template":"","format":"standard","meta":[],"categories":[40129],"tags":[38813,39908,39955,1135,5984,3832],"_links":{"self":[{"href":"https:\/\/juris.antaq.gov.br\/index.php\/wp-json\/wp\/v2\/posts\/87140"}],"collection":[{"href":"https:\/\/juris.antaq.gov.br\/index.php\/wp-json\/wp\/v2\/posts"}],"about":[{"href":"https:\/\/juris.antaq.gov.br\/index.php\/wp-json\/wp\/v2\/types\/post"}],"author":[{"embeddable":true,"href":"https:\/\/juris.antaq.gov.br\/index.php\/wp-json\/wp\/v2\/users\/3"}],"replies":[{"embeddable":true,"href":"https:\/\/juris.antaq.gov.br\/index.php\/wp-json\/wp\/v2\/comments?post=87140"}],"version-history":[{"count":3,"href":"https:\/\/juris.antaq.gov.br\/index.php\/wp-json\/wp\/v2\/posts\/87140\/revisions"}],"predecessor-version":[{"id":87201,"href":"https:\/\/juris.antaq.gov.br\/index.php\/wp-json\/wp\/v2\/posts\/87140\/revisions\/87201"}],"wp:attachment":[{"href":"https:\/\/juris.antaq.gov.br\/index.php\/wp-json\/wp\/v2\/media?parent=87140"}],"wp:term":[{"taxonomy":"category","embeddable":true,"href":"https:\/\/juris.antaq.gov.br\/index.php\/wp-json\/wp\/v2\/categories?post=87140"},{"taxonomy":"post_tag","embeddable":true,"href":"https:\/\/juris.antaq.gov.br\/index.php\/wp-json\/wp\/v2\/tags?post=87140"}],"curies":[{"name":"wp","href":"https:\/\/api.w.org\/{rel}","templated":true}]}}