{"id":93195,"date":"2022-12-15T08:45:11","date_gmt":"2022-12-15T11:45:11","guid":{"rendered":"https:\/\/juris.antaq.gov.br\/?p=93195"},"modified":"2022-12-15T15:21:43","modified_gmt":"2022-12-15T18:21:43","slug":"ementa-ac-633-2022","status":"publish","type":"post","link":"https:\/\/juris.antaq.gov.br\/index.php\/2022\/12\/15\/ementa-ac-633-2022\/","title":{"rendered":"Ementa AC-633-2022"},"content":{"rendered":"<p style=\"text-align: justify;\">Ementa de Ac\u00f3rd\u00e3o<\/p>\n<p style=\"text-align: justify;\">DEN\u00daNCIA COM PEDIDO DE MEDIDA CAUTELAR. SUSPENS\u00c3O DA COBRAN\u00c7A DE NOTAS A T\u00cdTULO DE DETENTION. DEFERIMENTO PARCIAL. RESTITUI\u00c7\u00c3O DOS AUTOS \u00c0 SETORIAL T\u00c9CNICA DE FISCALIZA\u00c7\u00c3O PARA INSTRU\u00c7\u00c3O. HOMOLOGA\u00c7\u00c3O DE DECIS\u00c3O ADOTADA AD REFERENDUM.<\/p>\n<p style=\"text-align: justify;\">Data da Reuni\u00e3o: 07\/12\/2022 &#8211; Telepresencial.<br \/>\nN\u00famero da Reuni\u00e3o: 534<br \/>\nN\u00famero do ac\u00f3rd\u00e3o: <a href=\"https:\/\/juris.antaq.gov.br\/index.php\/2022\/12\/14\/ac-633-2022\/\">633-2022<\/a><br \/>\nDiretores presentes: Eduardo Nery (Presidente), Fl\u00e1via Takafashi e Alexandre Lopes (Relator).<\/p>\n<p style=\"text-align: justify;\">(assinado eletronicamente)<\/p>\n<p style=\"text-align: justify;\">EDUARDO NERY MACHADO FILHO<br \/>\nDiretor-Geral<\/p>\n<p style=\"text-align: justify;\"><a href=\"https:\/\/sophia.antaq.gov.br\/Terminal\/acervo\/detalhe\/32398?guid=1671104632262&amp;returnUrl=%2fTerminal%2fresultado%2flistar%3fguid%3d1671104632262%26quantidadePaginas%3d1%26codigoRegistro%3d32398%2332398&amp;i=6\">Acesso ao Ac\u00f3rd\u00e3o em PDF<\/a><\/p>\n","protected":false},"excerpt":{"rendered":"<p>Ementa de Ac\u00f3rd\u00e3o DEN\u00daNCIA COM PEDIDO DE MEDIDA CAUTELAR. SUSPENS\u00c3O DA COBRAN\u00c7A DE NOTAS A T\u00cdTULO DE DETENTION. DEFERIMENTO PARCIAL. RESTITUI\u00c7\u00c3O DOS AUTOS \u00c0 SETORIAL T\u00c9CNICA DE FISCALIZA\u00c7\u00c3O PARA INSTRU\u00c7\u00c3O. HOMOLOGA\u00c7\u00c3O DE DECIS\u00c3O ADOTADA AD REFERENDUM. Data da Reuni\u00e3o: 07\/12\/2022 &#8211; Telepresencial. N\u00famero da Reuni\u00e3o: 534 N\u00famero do ac\u00f3rd\u00e3o: 633-2022 Diretores presentes: Eduardo Nery (Presidente),&nbsp;&hellip;<\/p>\n","protected":false},"author":11,"featured_media":0,"comment_status":"open","ping_status":"open","sticky":false,"template":"","format":"standard","meta":[],"categories":[40129],"tags":[41799,41807,41347,5984,39932,37523,3016],"_links":{"self":[{"href":"https:\/\/juris.antaq.gov.br\/index.php\/wp-json\/wp\/v2\/posts\/93195"}],"collection":[{"href":"https:\/\/juris.antaq.gov.br\/index.php\/wp-json\/wp\/v2\/posts"}],"about":[{"href":"https:\/\/juris.antaq.gov.br\/index.php\/wp-json\/wp\/v2\/types\/post"}],"author":[{"embeddable":true,"href":"https:\/\/juris.antaq.gov.br\/index.php\/wp-json\/wp\/v2\/users\/11"}],"replies":[{"embeddable":true,"href":"https:\/\/juris.antaq.gov.br\/index.php\/wp-json\/wp\/v2\/comments?post=93195"}],"version-history":[{"count":2,"href":"https:\/\/juris.antaq.gov.br\/index.php\/wp-json\/wp\/v2\/posts\/93195\/revisions"}],"predecessor-version":[{"id":93289,"href":"https:\/\/juris.antaq.gov.br\/index.php\/wp-json\/wp\/v2\/posts\/93195\/revisions\/93289"}],"wp:attachment":[{"href":"https:\/\/juris.antaq.gov.br\/index.php\/wp-json\/wp\/v2\/media?parent=93195"}],"wp:term":[{"taxonomy":"category","embeddable":true,"href":"https:\/\/juris.antaq.gov.br\/index.php\/wp-json\/wp\/v2\/categories?post=93195"},{"taxonomy":"post_tag","embeddable":true,"href":"https:\/\/juris.antaq.gov.br\/index.php\/wp-json\/wp\/v2\/tags?post=93195"}],"curies":[{"name":"wp","href":"https:\/\/api.w.org\/{rel}","templated":true}]}}