{"id":93441,"date":"2022-12-19T10:10:22","date_gmt":"2022-12-19T13:10:22","guid":{"rendered":"https:\/\/juris.antaq.gov.br\/?p=93441"},"modified":"2022-12-21T11:32:27","modified_gmt":"2022-12-21T14:32:27","slug":"ementa-ac-668-2022","status":"publish","type":"post","link":"https:\/\/juris.antaq.gov.br\/index.php\/2022\/12\/19\/ementa-ac-668-2022\/","title":{"rendered":"Ementa AC-668-2022"},"content":{"rendered":"<p class=\"Texto_Centralizado\" style=\"text-align: justify;\">Ementa de Ac\u00f3rd\u00e3o<\/p>\n<p class=\"Texto_Justificado\" style=\"text-align: justify;\">PEDIDO DE REGISTRO DE INSTALA\u00c7\u00c3O DE APOIO AO TRANSPORTE AQUAVI\u00c1RIO. INSTALA\u00c7\u00c3O FLUTUANTE PARA ABASTECIMENTO DE COMBUST\u00cdVEIS. DEFERIMENTO.<\/p>\n<p class=\"Texto_Justificado\" style=\"text-align: justify;\">Data da Reuni\u00e3o: 12 a 14\/12\/2022 &#8211; Virtual.<br \/>\nN\u00famero da Reuni\u00e3o: 535<br \/>\nN\u00famero do ac\u00f3rd\u00e3o: <a href=\"https:\/\/juris.antaq.gov.br\/index.php\/2022\/12\/16\/ac-668-2022\/\">668-2022<\/a><br \/>\nDiretores presentes: Eduardo Nery (Presidente), Fl\u00e1via Takafashi (Relatora) e Alexandre Lopes.<\/p>\n<p class=\"Texto_Centralizado\" style=\"text-align: justify;\">(a<em>ssinado eletronicamente<\/em>)<\/p>\n<p class=\"Texto_Centralizado_Maiusculas\" style=\"text-align: justify;\">EDUARDO NERY MACHADO FILHO<br \/>\nDiretor-Geral<\/p>\n<p style=\"text-align: justify;\"><a href=\"https:\/\/sophia.antaq.gov.br\/Terminal\/acervo\/detalhe\/32484?guid=1671560886652&amp;returnUrl=%2fTerminal%2fresultado%2flistar%3fguid%3d1671560886652%26quantidadePaginas%3d1%26codigoRegistro%3d32484%2332484&amp;i=4\">Acesso ao Ac\u00f3rd\u00e3o em PDF<\/a><\/p>\n","protected":false},"excerpt":{"rendered":"<p>Ementa de Ac\u00f3rd\u00e3o PEDIDO DE REGISTRO DE INSTALA\u00c7\u00c3O DE APOIO AO TRANSPORTE AQUAVI\u00c1RIO. INSTALA\u00c7\u00c3O FLUTUANTE PARA ABASTECIMENTO DE COMBUST\u00cdVEIS. DEFERIMENTO. Data da Reuni\u00e3o: 12 a 14\/12\/2022 &#8211; Virtual. N\u00famero da Reuni\u00e3o: 535 N\u00famero do ac\u00f3rd\u00e3o: 668-2022 Diretores presentes: Eduardo Nery (Presidente), Fl\u00e1via Takafashi (Relatora) e Alexandre Lopes. (assinado eletronicamente) EDUARDO NERY MACHADO FILHO Diretor-Geral Acesso&nbsp;&hellip;<\/p>\n","protected":false},"author":11,"featured_media":0,"comment_status":"open","ping_status":"open","sticky":false,"template":"","format":"standard","meta":[],"categories":[40129],"tags":[41858,41926,36999,3110],"_links":{"self":[{"href":"https:\/\/juris.antaq.gov.br\/index.php\/wp-json\/wp\/v2\/posts\/93441"}],"collection":[{"href":"https:\/\/juris.antaq.gov.br\/index.php\/wp-json\/wp\/v2\/posts"}],"about":[{"href":"https:\/\/juris.antaq.gov.br\/index.php\/wp-json\/wp\/v2\/types\/post"}],"author":[{"embeddable":true,"href":"https:\/\/juris.antaq.gov.br\/index.php\/wp-json\/wp\/v2\/users\/11"}],"replies":[{"embeddable":true,"href":"https:\/\/juris.antaq.gov.br\/index.php\/wp-json\/wp\/v2\/comments?post=93441"}],"version-history":[{"count":4,"href":"https:\/\/juris.antaq.gov.br\/index.php\/wp-json\/wp\/v2\/posts\/93441\/revisions"}],"predecessor-version":[{"id":93618,"href":"https:\/\/juris.antaq.gov.br\/index.php\/wp-json\/wp\/v2\/posts\/93441\/revisions\/93618"}],"wp:attachment":[{"href":"https:\/\/juris.antaq.gov.br\/index.php\/wp-json\/wp\/v2\/media?parent=93441"}],"wp:term":[{"taxonomy":"category","embeddable":true,"href":"https:\/\/juris.antaq.gov.br\/index.php\/wp-json\/wp\/v2\/categories?post=93441"},{"taxonomy":"post_tag","embeddable":true,"href":"https:\/\/juris.antaq.gov.br\/index.php\/wp-json\/wp\/v2\/tags?post=93441"}],"curies":[{"name":"wp","href":"https:\/\/api.w.org\/{rel}","templated":true}]}}