{"id":97677,"date":"2023-07-12T14:06:02","date_gmt":"2023-07-12T17:06:02","guid":{"rendered":"https:\/\/juris.antaq.gov.br\/?p=97677"},"modified":"2023-09-05T15:17:01","modified_gmt":"2023-09-05T18:17:01","slug":"ac-340-2023","status":"publish","type":"post","link":"https:\/\/juris.antaq.gov.br\/index.php\/2023\/07\/12\/ac-340-2023\/","title":{"rendered":"AC-340-2023"},"content":{"rendered":"<p style=\"text-align: justify;\">AC\u00d3RD\u00c3O N\u00ba 340-2023-ANTAQ<\/p>\n<p style=\"text-align: justify;\">1. Processo: 50300.004224\/2023-89<br \/>\n2. Inreteressado: Conselho de Exportadores de Caf\u00e9 do Brasil &#8211; CECAF\u00c9<br \/>\n3. Relator: Caio Farias<br \/>\n4. Unidade T\u00e9cnica: Superintend\u00eancia de Fiscaliza\u00e7\u00e3o &#8211; SFC<br \/>\n5. Ac\u00f3rd\u00e3o:<br \/>\nVISTOS, relatados e discutidos os presentes autos, que tratam do Recurso de Reconsidera\u00e7\u00e3o interposto pelo Conselho de Exportadores de Caf\u00e9 do Brasil &#8211; CECAF\u00c9, na condi\u00e7\u00e3o de representante de sua associada, Atl\u00e2ntica Exporta\u00e7\u00e3o e Importa\u00e7\u00e3o S.A., em face de delibera\u00e7\u00e3o da Diretoria Colegiada desta Ag\u00eancia veiculada no <a href=\"https:\/\/pesquisa.in.gov.br\/imprensa\/jsp\/visualiza\/index.jsp?data=15\/02\/2023&amp;jornal=515&amp;pagina=50&amp;totalArquivos=67\">Ac\u00f3rd\u00e3o n\u00ba 46-2023-ANTAQ,<\/a> que indeferiu pedido de medida cautelar, sob o fundamento da aus\u00eancia do pressuposto da plausibilidade do direito,<br \/>\nACORDAM os Diretores da Ag\u00eancia Nacional de Transportes Aquavi\u00e1rios, reunidos para a Reuni\u00e3o Ordin\u00e1ria de Diretoria Colegiada de n\u00ba 546, ante as raz\u00f5es expostas pelo Relator, em:<br \/>\n5.1. conhecer do Recurso de Reconsidera\u00e7\u00e3o interposto pelo Conselho de Exportadores de Caf\u00e9 do Brasil &#8211; CECAF\u00c9, em face de decis\u00e3o da Diretoria Colegiada desta Ag\u00eancia veiculada no <a href=\"https:\/\/pesquisa.in.gov.br\/imprensa\/jsp\/visualiza\/index.jsp?data=15\/02\/2023&amp;jornal=515&amp;pagina=50&amp;totalArquivos=67\">Ac\u00f3rd\u00e3o n\u00ba 46-2023-ANTAQ<\/a>, posto que atendidos os pressupostos de admissibilidade;<br \/>\n5.2. no m\u00e9rito, negar-lhe provimento, mantendo na \u00edntegra a decis\u00e3o da Diretoria Colegiada desta Ag\u00eancia veiculada pelo <a href=\"https:\/\/pesquisa.in.gov.br\/imprensa\/jsp\/visualiza\/index.jsp?data=15\/02\/2023&amp;jornal=515&amp;pagina=50&amp;totalArquivos=67\">Ac\u00f3rd\u00e3o n\u00ba 46-2023-ANTAQ;<\/a><br \/>\n5.3. determinar \u00e0 Superintend\u00eancia de Fiscaliza\u00e7\u00e3o e Coordena\u00e7\u00e3o da Unidades Regionais &#8211; SFC que proceda a apura\u00e7\u00e3o da den\u00fancia objeto do processo n\u00ba 50300.000346\/2023-04, remetendo os autos a Diretoria Colegiada para julgamento, ap\u00f3s conclus\u00e3o da instru\u00e7\u00e3o; e<br \/>\n5.4. cientificar as interessadas acerca da presente decis\u00e3o.<br \/>\n6. Data da Reuni\u00e3o: 03 a 05\/07\/2023 &#8211; Virtual.<br \/>\n7. Especifica\u00e7\u00e3o do qu\u00f3rum:<br \/>\n7.1. Diretores presentes: Eduardo Nery (Presidente), Fl\u00e1via Takafashi, Lima Filho, Alber Vasconcelos e Caio Farias (Relator).<br \/>\nEDUARDO NERY MACHADO FILHO<br \/>\nDiretor-Geral<br \/>\nPublicado no\u00a0<a href=\"https:\/\/pesquisa.in.gov.br\/imprensa\/jsp\/visualiza\/index.jsp?data=13\/07\/2023&amp;jornal=515&amp;pagina=61&amp;totalArquivos=77\">DOU de 13.07.2023, se\u00e7\u00e3o I<\/a><\/p>\n","protected":false},"excerpt":{"rendered":"<p>AC\u00d3RD\u00c3O N\u00ba 340-2023-ANTAQ 1. Processo: 50300.004224\/2023-89 2. Inreteressado: Conselho de Exportadores de Caf\u00e9 do Brasil &#8211; CECAF\u00c9 3. Relator: Caio Farias 4. Unidade T\u00e9cnica: Superintend\u00eancia de Fiscaliza\u00e7\u00e3o &#8211; SFC 5. Ac\u00f3rd\u00e3o: VISTOS, relatados e discutidos os presentes autos, que tratam do Recurso de Reconsidera\u00e7\u00e3o interposto pelo Conselho de Exportadores de Caf\u00e9 do Brasil &#8211; CECAF\u00c9,&nbsp;&hellip;<\/p>\n","protected":false},"author":11,"featured_media":0,"comment_status":"open","ping_status":"open","sticky":false,"template":"","format":"standard","meta":[],"categories":[42007,39357],"tags":[42287,43553,43239,43554,42288,42289,42160,16802,40833,627],"_links":{"self":[{"href":"https:\/\/juris.antaq.gov.br\/index.php\/wp-json\/wp\/v2\/posts\/97677"}],"collection":[{"href":"https:\/\/juris.antaq.gov.br\/index.php\/wp-json\/wp\/v2\/posts"}],"about":[{"href":"https:\/\/juris.antaq.gov.br\/index.php\/wp-json\/wp\/v2\/types\/post"}],"author":[{"embeddable":true,"href":"https:\/\/juris.antaq.gov.br\/index.php\/wp-json\/wp\/v2\/users\/11"}],"replies":[{"embeddable":true,"href":"https:\/\/juris.antaq.gov.br\/index.php\/wp-json\/wp\/v2\/comments?post=97677"}],"version-history":[{"count":6,"href":"https:\/\/juris.antaq.gov.br\/index.php\/wp-json\/wp\/v2\/posts\/97677\/revisions"}],"predecessor-version":[{"id":98700,"href":"https:\/\/juris.antaq.gov.br\/index.php\/wp-json\/wp\/v2\/posts\/97677\/revisions\/98700"}],"wp:attachment":[{"href":"https:\/\/juris.antaq.gov.br\/index.php\/wp-json\/wp\/v2\/media?parent=97677"}],"wp:term":[{"taxonomy":"category","embeddable":true,"href":"https:\/\/juris.antaq.gov.br\/index.php\/wp-json\/wp\/v2\/categories?post=97677"},{"taxonomy":"post_tag","embeddable":true,"href":"https:\/\/juris.antaq.gov.br\/index.php\/wp-json\/wp\/v2\/tags?post=97677"}],"curies":[{"name":"wp","href":"https:\/\/api.w.org\/{rel}","templated":true}]}}