{"id":97935,"date":"2023-08-02T09:32:38","date_gmt":"2023-08-02T12:32:38","guid":{"rendered":"https:\/\/juris.antaq.gov.br\/?p=97935"},"modified":"2023-09-05T16:27:57","modified_gmt":"2023-09-05T19:27:57","slug":"ac-353-2023","status":"publish","type":"post","link":"https:\/\/juris.antaq.gov.br\/index.php\/2023\/08\/02\/ac-353-2023\/","title":{"rendered":"AC-353-2023"},"content":{"rendered":"<p style=\"text-align: justify;\">AC\u00d3RD\u00c3O N\u00ba 353\/2023-ANTAQ<\/p>\n<p style=\"text-align: justify;\">1. Processo: 50300.011249\/2022-58<br \/>\n2. Interessado: Sepetiba TECON S.A.<br \/>\n3. Relator: Lima Filho<br \/>\n4. Unidade T\u00e9cnica: Superintend\u00eancia de Fiscaliza\u00e7\u00e3o e Coordena\u00e7\u00e3o das Unidades Regionais &#8211; SFC<br \/>\n5. Ac\u00f3rd\u00e3o:<br \/>\nVISTOS, relatados e discutidos os presentes autos, que tratam do recurso hier\u00e1rquico interposto pela empresa Sepetiba TECON S.A. em face da decis\u00e3o proferida pelo Despacho de Julgamento n\u00ba 74\/2020\/SFC no processo sancionador n\u00ba 50300.010069\/2019-53,<br \/>\nACORDAM os Diretores da Ag\u00eancia Nacional de Transportes Aquavi\u00e1rios, reunidos para a Reuni\u00e3o Ordin\u00e1ria de Diretoria Colegiada de n\u00ba 547, ante as raz\u00f5es expostas pelo Relator, em:<br \/>\n5.1. conhecer o recurso hier\u00e1rquico interposto pela empresa Sepetiba TECON S.A. em face da decis\u00e3o proferida no Despacho de Julgamento n\u00ba 74\/2020\/SFC (SEI n\u00ba 1138277) para, no m\u00e9rito, negar-lhe provimento;<br \/>\n5.2. majorar o valor da multa inicialmente estabelecida no Despacho de Julgamento n\u00ba 74\/2020\/SFC (SEI n\u00ba 1138277), em virtude das reincid\u00eancias gen\u00e9ricas observadas, fixando-a no valor de R$ 181.182,38 (cento e oitenta e um mil cento e oitenta e dois reais e trinta e oito centavos), pela pr\u00e1tica da infra\u00e7\u00e3o capitulada no\u00a0<a title=\" XXXIV - dar causa, por qualquer meio, a dano ambiental nas \u00e1reas e instala\u00e7\u00f5es portu\u00e1rias ou \u00e1reas adjacentes, ou ainda, n\u00e3o adotar as provid\u00eancias necess\u00e1rias \u00e0 sua preven\u00e7\u00e3o, mitiga\u00e7\u00e3o ou cessa\u00e7\u00e3o: multa de R$ 250.000,00 (duzentos e cinquenta mil reais) a R$ 500.000,00 (quinhentos mil reais); \" href=\"http:\/\/pesquisa.in.gov.br\/imprensa\/jsp\/visualiza\/index.jsp?data=18\/02\/2015&amp;jornal=1&amp;pagina=6&amp;totalArquivos=92\">inciso XXXIV\u00a0 do art. 32<\/a> da <a href=\"https:\/\/pesquisa.in.gov.br\/imprensa\/jsp\/visualiza\/index.jsp?jornal=1&amp;pagina=3&amp;data=07\/02\/2014\">Resolu\u00e7\u00e3o ANTAQ n\u00ba 3.274, de 6 de fevereiro de 2014;<\/a><br \/>\n5.3. cientificar a recorrente acerca da presente decis\u00e3o; e<br \/>\n5.4. arquivar os presentes autos.<br \/>\n6. Data da Reuni\u00e3o: 27\/07\/2023 &#8211; Telepresencial.<br \/>\n7. Especifica\u00e7\u00e3o do qu\u00f3rum:<br \/>\n7.1. Diretores presentes: Eduardo Nery (Presidente), Lima Filho (Relator), Alber Vasconcelos e Caio Farias.<br \/>\nEDUARDO NERY MACHADO FILHO<br \/>\nDiretor-Geral<br \/>\nPublicado no\u00a0<a href=\"https:\/\/pesquisa.in.gov.br\/imprensa\/jsp\/visualiza\/index.jsp?data=02\/08\/2023&amp;jornal=515&amp;pagina=79&amp;totalArquivos=112\">DOU de 02.08.2023, se\u00e7\u00e3o I<\/a><\/p>\n","protected":false},"excerpt":{"rendered":"<p>AC\u00d3RD\u00c3O N\u00ba 353\/2023-ANTAQ 1. Processo: 50300.011249\/2022-58 2. Interessado: Sepetiba TECON S.A. 3. Relator: Lima Filho 4. Unidade T\u00e9cnica: Superintend\u00eancia de Fiscaliza\u00e7\u00e3o e Coordena\u00e7\u00e3o das Unidades Regionais &#8211; SFC 5. Ac\u00f3rd\u00e3o: VISTOS, relatados e discutidos os presentes autos, que tratam do recurso hier\u00e1rquico interposto pela empresa Sepetiba TECON S.A. em face da decis\u00e3o proferida pelo Despacho&nbsp;&hellip;<\/p>\n","protected":false},"author":11,"featured_media":0,"comment_status":"open","ping_status":"open","sticky":false,"template":"","format":"standard","meta":[],"categories":[42007,39357],"tags":[41298,41295,43414,43587,42150,63,2611,2386,1148,7949,627],"_links":{"self":[{"href":"https:\/\/juris.antaq.gov.br\/index.php\/wp-json\/wp\/v2\/posts\/97935"}],"collection":[{"href":"https:\/\/juris.antaq.gov.br\/index.php\/wp-json\/wp\/v2\/posts"}],"about":[{"href":"https:\/\/juris.antaq.gov.br\/index.php\/wp-json\/wp\/v2\/types\/post"}],"author":[{"embeddable":true,"href":"https:\/\/juris.antaq.gov.br\/index.php\/wp-json\/wp\/v2\/users\/11"}],"replies":[{"embeddable":true,"href":"https:\/\/juris.antaq.gov.br\/index.php\/wp-json\/wp\/v2\/comments?post=97935"}],"version-history":[{"count":4,"href":"https:\/\/juris.antaq.gov.br\/index.php\/wp-json\/wp\/v2\/posts\/97935\/revisions"}],"predecessor-version":[{"id":98722,"href":"https:\/\/juris.antaq.gov.br\/index.php\/wp-json\/wp\/v2\/posts\/97935\/revisions\/98722"}],"wp:attachment":[{"href":"https:\/\/juris.antaq.gov.br\/index.php\/wp-json\/wp\/v2\/media?parent=97935"}],"wp:term":[{"taxonomy":"category","embeddable":true,"href":"https:\/\/juris.antaq.gov.br\/index.php\/wp-json\/wp\/v2\/categories?post=97935"},{"taxonomy":"post_tag","embeddable":true,"href":"https:\/\/juris.antaq.gov.br\/index.php\/wp-json\/wp\/v2\/tags?post=97935"}],"curies":[{"name":"wp","href":"https:\/\/api.w.org\/{rel}","templated":true}]}}