{"id":98014,"date":"2023-08-03T09:12:11","date_gmt":"2023-08-03T12:12:11","guid":{"rendered":"https:\/\/juris.antaq.gov.br\/?p=98014"},"modified":"2023-09-11T15:18:05","modified_gmt":"2023-09-11T18:18:05","slug":"ementa-ac-353-2023","status":"publish","type":"post","link":"https:\/\/juris.antaq.gov.br\/index.php\/2023\/08\/03\/ementa-ac-353-2023\/","title":{"rendered":"Ementa AC-353-2023"},"content":{"rendered":"<p style=\"text-align: justify;\">EMENTA DE AC\u00d3RD\u00c3O<\/p>\n<p style=\"text-align: justify;\">RECURSO HIER\u00c1RQUICO. PROCESSO SANCIONADOR. CONHECIMENTO. N\u00c3O PROVIMENTO. MAJORA\u00c7\u00c3O DO VALOR DA MULTA PECUNI\u00c1RIA APLICADA EM VIRTUDE DAS REINCID\u00caNCIAS GEN\u00c9RICAS OBSERVADAS.<\/p>\n<p style=\"text-align: justify;\">Data da Reuni\u00e3o: 27\/07\/2023 &#8211; Telepresencial.<br \/>\nN\u00famero da Reuni\u00e3o: 547<br \/>\nN\u00famero do ac\u00f3rd\u00e3o:<a href=\"https:\/\/juris.antaq.gov.br\/index.php\/2023\/08\/02\/ac-353-2023\/\"> 353-2023<\/a><br \/>\nDiretores presentes: Eduardo Nery (Presidente), Lima Filho (Relator), Alber Vasconcelos e Caio Farias.<\/p>\n<p style=\"text-align: justify;\">(assinado eletronicamente)<\/p>\n<p style=\"text-align: justify;\">EDUARDO NERY MACHADO FILHO<br \/>\nDiretor-Geral<\/p>\n<p style=\"text-align: justify;\"><a href=\"https:\/\/sophia.antaq.gov.br\/Terminal\/acervo\/detalhe\/34112?guid=1691064735761&amp;returnUrl=%2fTerminal%2fresultado%2flistar%3fguid%3d1691064735761%26quantidadePaginas%3d1%26codigoRegistro%3d34112%2334112&amp;i=6\">Acesso ao Ac\u00f3rd\u00e3o em PDF<\/a><\/p>\n","protected":false},"excerpt":{"rendered":"<p>EMENTA DE AC\u00d3RD\u00c3O RECURSO HIER\u00c1RQUICO. PROCESSO SANCIONADOR. CONHECIMENTO. N\u00c3O PROVIMENTO. MAJORA\u00c7\u00c3O DO VALOR DA MULTA PECUNI\u00c1RIA APLICADA EM VIRTUDE DAS REINCID\u00caNCIAS GEN\u00c9RICAS OBSERVADAS. Data da Reuni\u00e3o: 27\/07\/2023 &#8211; Telepresencial. N\u00famero da Reuni\u00e3o: 547 N\u00famero do ac\u00f3rd\u00e3o: 353-2023 Diretores presentes: Eduardo Nery (Presidente), Lima Filho (Relator), Alber Vasconcelos e Caio Farias. (assinado eletronicamente) EDUARDO NERY MACHADO&nbsp;&hellip;<\/p>\n","protected":false},"author":11,"featured_media":0,"comment_status":"open","ping_status":"open","sticky":false,"template":"","format":"standard","meta":[],"categories":[42008],"tags":[43414,43587,42150,63,1442,2611],"_links":{"self":[{"href":"https:\/\/juris.antaq.gov.br\/index.php\/wp-json\/wp\/v2\/posts\/98014"}],"collection":[{"href":"https:\/\/juris.antaq.gov.br\/index.php\/wp-json\/wp\/v2\/posts"}],"about":[{"href":"https:\/\/juris.antaq.gov.br\/index.php\/wp-json\/wp\/v2\/types\/post"}],"author":[{"embeddable":true,"href":"https:\/\/juris.antaq.gov.br\/index.php\/wp-json\/wp\/v2\/users\/11"}],"replies":[{"embeddable":true,"href":"https:\/\/juris.antaq.gov.br\/index.php\/wp-json\/wp\/v2\/comments?post=98014"}],"version-history":[{"count":2,"href":"https:\/\/juris.antaq.gov.br\/index.php\/wp-json\/wp\/v2\/posts\/98014\/revisions"}],"predecessor-version":[{"id":99189,"href":"https:\/\/juris.antaq.gov.br\/index.php\/wp-json\/wp\/v2\/posts\/98014\/revisions\/99189"}],"wp:attachment":[{"href":"https:\/\/juris.antaq.gov.br\/index.php\/wp-json\/wp\/v2\/media?parent=98014"}],"wp:term":[{"taxonomy":"category","embeddable":true,"href":"https:\/\/juris.antaq.gov.br\/index.php\/wp-json\/wp\/v2\/categories?post=98014"},{"taxonomy":"post_tag","embeddable":true,"href":"https:\/\/juris.antaq.gov.br\/index.php\/wp-json\/wp\/v2\/tags?post=98014"}],"curies":[{"name":"wp","href":"https:\/\/api.w.org\/{rel}","templated":true}]}}