{"id":98239,"date":"2023-08-14T10:23:40","date_gmt":"2023-08-14T13:23:40","guid":{"rendered":"https:\/\/juris.antaq.gov.br\/?p=98239"},"modified":"2023-09-06T11:54:42","modified_gmt":"2023-09-06T14:54:42","slug":"ac-408-2023","status":"publish","type":"post","link":"https:\/\/juris.antaq.gov.br\/index.php\/2023\/08\/14\/ac-408-2023\/","title":{"rendered":"AC-408-2023"},"content":{"rendered":"<p style=\"text-align: justify;\">AC\u00d3RD\u00c3O N\u00ba 408\/2023-ANTAQ<\/p>\n<p style=\"text-align: justify;\">1. Processo: 50300.022305\/2021-07<br \/>\n2. Interessados: Tecon Salvador S.A. e Companhia das Docas do Estado da Bahia &#8211; CODEBA<br \/>\n3. Relator: Caio Farias<br \/>\n4. Unidade T\u00e9cnica: Superintend\u00eancia de Regula\u00e7\u00e3o &#8211; SRG<br \/>\n5. Ac\u00f3rd\u00e3o:<br \/>\nVISTOS, relatados e discutidos os presentes autos, que tratam solicita\u00e7\u00e3o formulada pela Companhia das Docas do Estado da Bahia &#8211; CODEBA, atrav\u00e9s do Of\u00edcio n\u00ba 23\/2023\/DPR CODEBA (SEI n\u00ba 1837574), referente \u00e0 desincorpora\u00e7\u00e3o de 01 (um) STS PORTAINER da marca IESA, Capacidade de carga: sob o spreader 35T \/ sob o gancho 49T, Chassis HPB2364, ano 1992, atualmente instalado no Porto de Organizado de Salvador, mais especificamente na \u00e1rea arrendada ao Tecon Salvador S.A., sob a guarda e responsabilidade deste,<br \/>\nACORDAM os Diretores da Ag\u00eancia Nacional de Transportes Aquavi\u00e1rios, reunidos para a Reuni\u00e3o Ordin\u00e1ria de Diretoria Colegiada de n\u00ba 548, ante as raz\u00f5es expostas pelo Relator, em:<br \/>\n5.1. autorizar a empresa Tecon Salvador S.A. para que proceda \u00e0 desativa\u00e7\u00e3o e baixa patrimonial e cont\u00e1bil de 01 (um) STS PORTAINER da marca IESA, Capacidade de carga: sob o spreader 35T \/ sob o gancho 49T, Chassis HPB2364, localizados no Porto Organizado de Salvador;<br \/>\n5.2. consignar que o presente pleito atrai a observ\u00e2ncia ao disposto no <a title=\"Art. 32. Dever\u00e1 ser promovida e garantida a cont\u00ednua manuten\u00e7\u00e3o, conserva\u00e7\u00e3o e reposi\u00e7\u00e3o dos bens da Uni\u00e3o e dos bens revers\u00edveis, de forma a assegurar a presta\u00e7\u00e3o do servi\u00e7o adequado e a garantir a regularidade das opera\u00e7\u00f5es quando da revers\u00e3o dos bens. \u00a7 1\u00ba Os contratos de concess\u00e3o, de arrendamento e os conv\u00eanios de delega\u00e7\u00e3o dever\u00e3o conter cl\u00e1usulas quanto \u00e0 manuten\u00e7\u00e3o, conserva\u00e7\u00e3o e reposi\u00e7\u00e3o dos bens e dos equipamentos revers\u00edveis \u00e0 Uni\u00e3o, em conformidade com as disposi\u00e7\u00f5es constantes de normativos da ANTAQ aplic\u00e1veis ao assunto. \u00a7 2\u00ba A reposi\u00e7\u00e3o dos bens revers\u00edveis dever\u00e1 ser comunicada, pelos arrendat\u00e1rios, \u00e0 respectiva administra\u00e7\u00e3o portu\u00e1ria e, no caso das pr\u00f3prias autoridades portu\u00e1rias, \u00e0 ANTAQ. \" href=\"https:\/\/pesquisa.in.gov.br\/imprensa\/jsp\/visualiza\/index.jsp?data=01\/04\/2021&amp;jornal=612&amp;pagina=32&amp;totalArquivos=69\">art. 32<\/a> da <a href=\"https:\/\/pesquisa.in.gov.br\/imprensa\/jsp\/visualiza\/index.jsp?data=01\/04\/2021&amp;jornal=612&amp;pagina=30&amp;totalArquivos=69\">Resolu\u00e7\u00e3o ANTAQ n\u00ba 43, de 2021,<\/a> n\u00e3o se aplicando ao caso concreto o procedimento de desincorpora\u00e7\u00e3o de bens, uma vez que o bem aqui tratado ainda n\u00e3o foi incorporado ao acervo da Uni\u00e3o;<br \/>\n5.3. informar que os recursos decorrentes da eventual aliena\u00e7\u00e3o do bem supracitado devem ser arrolados ao seu titular, ou seja, ao pr\u00f3prio Arrendat\u00e1rio, salientando, contudo, que os valores por ventura auferidos dever\u00e3o ser utilizados com vistas \u00e0 consecu\u00e7\u00e3o do objetivo do Contrato de Arrendamento, a fim de que seja promovida e garantida a cont\u00ednua manuten\u00e7\u00e3o, conserva\u00e7\u00e3o e reposi\u00e7\u00e3o dos bens da Uni\u00e3o e dos bens revers\u00edveis, de forma a assegurar a presta\u00e7\u00e3o do servi\u00e7o adequado e a garantir a regularidade das opera\u00e7\u00f5es quando da revers\u00e3o dos bens;<br \/>\n5.4. determinar \u00e0 Superintend\u00eancia de Fiscaliza\u00e7\u00e3o e Coordena\u00e7\u00e3o das Unidades Regionais &#8211; SFC o acompanhamento dos desdobramentos da presente decis\u00e3o; e<br \/>\n5.5. cientificar a Companhia Docas do Estado da Bahia &#8211; CODEBA e a empresa Tecon Salvador S.A. acerca da presente decis\u00e3o.<br \/>\n6. Data da Reuni\u00e3o: 07 a 09\/08\/2023 &#8211; Virtual.<br \/>\n7. Especifica\u00e7\u00e3o do qu\u00f3rum:<br \/>\n7.1. Diretores presentes: Eduardo Nery (Presidente), Fl\u00e1via Takafashi, Lima Filho, Alber Vasconcelos e Caio Farias (Relator).<br \/>\nEDUARDO NERY MACHADO FILHO<br \/>\nDiretor-Geral<br \/>\nPublicado no\u00a0<a href=\"https:\/\/pesquisa.in.gov.br\/imprensa\/jsp\/visualiza\/index.jsp?data=15\/08\/2023&amp;jornal=515&amp;pagina=55&amp;totalArquivos=181\">DOU de 15.08.2023, se\u00e7\u00e3o I<\/a><\/p>\n","protected":false},"excerpt":{"rendered":"<p>AC\u00d3RD\u00c3O N\u00ba 408\/2023-ANTAQ 1. Processo: 50300.022305\/2021-07 2. Interessados: Tecon Salvador S.A. e Companhia das Docas do Estado da Bahia &#8211; CODEBA 3. Relator: Caio Farias 4. Unidade T\u00e9cnica: Superintend\u00eancia de Regula\u00e7\u00e3o &#8211; SRG 5. Ac\u00f3rd\u00e3o: VISTOS, relatados e discutidos os presentes autos, que tratam solicita\u00e7\u00e3o formulada pela Companhia das Docas do Estado da Bahia &#8211;&nbsp;&hellip;<\/p>\n","protected":false},"author":11,"featured_media":0,"comment_status":"open","ping_status":"open","sticky":false,"template":"","format":"standard","meta":[],"categories":[42007,39357],"tags":[43717,43379,43718,42160,324,2466,43580,12713,1103,2468],"_links":{"self":[{"href":"https:\/\/juris.antaq.gov.br\/index.php\/wp-json\/wp\/v2\/posts\/98239"}],"collection":[{"href":"https:\/\/juris.antaq.gov.br\/index.php\/wp-json\/wp\/v2\/posts"}],"about":[{"href":"https:\/\/juris.antaq.gov.br\/index.php\/wp-json\/wp\/v2\/types\/post"}],"author":[{"embeddable":true,"href":"https:\/\/juris.antaq.gov.br\/index.php\/wp-json\/wp\/v2\/users\/11"}],"replies":[{"embeddable":true,"href":"https:\/\/juris.antaq.gov.br\/index.php\/wp-json\/wp\/v2\/comments?post=98239"}],"version-history":[{"count":5,"href":"https:\/\/juris.antaq.gov.br\/index.php\/wp-json\/wp\/v2\/posts\/98239\/revisions"}],"predecessor-version":[{"id":98925,"href":"https:\/\/juris.antaq.gov.br\/index.php\/wp-json\/wp\/v2\/posts\/98239\/revisions\/98925"}],"wp:attachment":[{"href":"https:\/\/juris.antaq.gov.br\/index.php\/wp-json\/wp\/v2\/media?parent=98239"}],"wp:term":[{"taxonomy":"category","embeddable":true,"href":"https:\/\/juris.antaq.gov.br\/index.php\/wp-json\/wp\/v2\/categories?post=98239"},{"taxonomy":"post_tag","embeddable":true,"href":"https:\/\/juris.antaq.gov.br\/index.php\/wp-json\/wp\/v2\/tags?post=98239"}],"curies":[{"name":"wp","href":"https:\/\/api.w.org\/{rel}","templated":true}]}}