{"id":98270,"date":"2023-08-14T11:37:39","date_gmt":"2023-08-14T14:37:39","guid":{"rendered":"https:\/\/juris.antaq.gov.br\/?p=98270"},"modified":"2023-09-11T14:27:02","modified_gmt":"2023-09-11T17:27:02","slug":"ementa-ac-389-2023","status":"publish","type":"post","link":"https:\/\/juris.antaq.gov.br\/index.php\/2023\/08\/14\/ementa-ac-389-2023\/","title":{"rendered":"Ementa AC-389-2023"},"content":{"rendered":"<p style=\"text-align: justify;\">EMENTA DE AC\u00d3RD\u00c3O<\/p>\n<p style=\"text-align: justify;\">REAVALIA\u00c7\u00c3O DA \u00c1REA PARA FINS DE EMISS\u00c3O DE DECLARA\u00c7\u00c3O DE UTILIDADE P\u00daBLICA COM VISTAS \u00c0 IMPLANTA\u00c7\u00c3O DE INSTALA\u00c7\u00c3O PORTU\u00c1RIA, NA MODALIDADE DE TERMINAL DE USO PRIVADO. RECONSIDERA\u00c7\u00c3O DAS AS \u00c1REAS CONTIDAS NA POLIGONAL AUTORIZADA. ENTENDIMENTO PELO N\u00c3O CABIMENTO, QUANTO \u00c0 \u00c1REA N\u00c3O INTEGRANTE DA OUTORGA, DE MANIFESTA\u00c7\u00c3O DA AG\u00caNCIA SOBRE MAT\u00c9RIA FORA DE SEU FEIXE REGULAT\u00d3RIO. RERRATIFICA\u00c7\u00c3O DE ITEM DE AC\u00d3RD\u00c3O PROFERIDO PELA DIRETORIA COLEGIADA.<\/p>\n<p style=\"text-align: justify;\">Data da Reuni\u00e3o: 07 a 09\/08\/2023 &#8211; Virtual.<br \/>\nN\u00famero da Reuni\u00e3o: 548<br \/>\nN\u00famero do ac\u00f3rd\u00e3o: <a href=\"https:\/\/juris.antaq.gov.br\/index.php\/2023\/08\/14\/ac-389-2023\/\">389-2023<\/a><br \/>\nDiretores presentes: Eduardo Nery (Presidente), Fl\u00e1via Takafashi (Relatora), Lima Filho, Alber<br \/>\nVasconcelos e Caio Farias.<\/p>\n<p style=\"text-align: justify;\">(assinado eletronicamente)<\/p>\n<p style=\"text-align: justify;\">EDUARDO NERY MACHADO FILHO<br \/>\nDiretor-Geral<\/p>\n<p style=\"text-align: justify;\"><a href=\"https:\/\/sophia.antaq.gov.br\/Terminal\/acervo\/detalhe\/34252?guid=1692148929464&amp;returnUrl=%2fTerminal%2fresultado%2flistar%3fguid%3d1692148929464%26quantidadePaginas%3d1%26codigoRegistro%3d34252%2334252&amp;i=10\">Acesso ao Ac\u00f3rd\u00e3o em PDF<\/a><\/p>\n","protected":false},"excerpt":{"rendered":"<p>EMENTA DE AC\u00d3RD\u00c3O REAVALIA\u00c7\u00c3O DA \u00c1REA PARA FINS DE EMISS\u00c3O DE DECLARA\u00c7\u00c3O DE UTILIDADE P\u00daBLICA COM VISTAS \u00c0 IMPLANTA\u00c7\u00c3O DE INSTALA\u00c7\u00c3O PORTU\u00c1RIA, NA MODALIDADE DE TERMINAL DE USO PRIVADO. RECONSIDERA\u00c7\u00c3O DAS AS \u00c1REAS CONTIDAS NA POLIGONAL AUTORIZADA. ENTENDIMENTO PELO N\u00c3O CABIMENTO, QUANTO \u00c0 \u00c1REA N\u00c3O INTEGRANTE DA OUTORGA, DE MANIFESTA\u00c7\u00c3O DA AG\u00caNCIA SOBRE MAT\u00c9RIA FORA&nbsp;&hellip;<\/p>\n","protected":false},"author":11,"featured_media":0,"comment_status":"open","ping_status":"open","sticky":false,"template":"","format":"standard","meta":[],"categories":[42008],"tags":[43379,43381,16850,36999,466],"_links":{"self":[{"href":"https:\/\/juris.antaq.gov.br\/index.php\/wp-json\/wp\/v2\/posts\/98270"}],"collection":[{"href":"https:\/\/juris.antaq.gov.br\/index.php\/wp-json\/wp\/v2\/posts"}],"about":[{"href":"https:\/\/juris.antaq.gov.br\/index.php\/wp-json\/wp\/v2\/types\/post"}],"author":[{"embeddable":true,"href":"https:\/\/juris.antaq.gov.br\/index.php\/wp-json\/wp\/v2\/users\/11"}],"replies":[{"embeddable":true,"href":"https:\/\/juris.antaq.gov.br\/index.php\/wp-json\/wp\/v2\/comments?post=98270"}],"version-history":[{"count":4,"href":"https:\/\/juris.antaq.gov.br\/index.php\/wp-json\/wp\/v2\/posts\/98270\/revisions"}],"predecessor-version":[{"id":99157,"href":"https:\/\/juris.antaq.gov.br\/index.php\/wp-json\/wp\/v2\/posts\/98270\/revisions\/99157"}],"wp:attachment":[{"href":"https:\/\/juris.antaq.gov.br\/index.php\/wp-json\/wp\/v2\/media?parent=98270"}],"wp:term":[{"taxonomy":"category","embeddable":true,"href":"https:\/\/juris.antaq.gov.br\/index.php\/wp-json\/wp\/v2\/categories?post=98270"},{"taxonomy":"post_tag","embeddable":true,"href":"https:\/\/juris.antaq.gov.br\/index.php\/wp-json\/wp\/v2\/tags?post=98270"}],"curies":[{"name":"wp","href":"https:\/\/api.w.org\/{rel}","templated":true}]}}