{"id":98390,"date":"2023-08-14T11:39:23","date_gmt":"2023-08-14T14:39:23","guid":{"rendered":"https:\/\/juris.antaq.gov.br\/?p=98390"},"modified":"2023-09-11T14:24:21","modified_gmt":"2023-09-11T17:24:21","slug":"ementa-ac-392-2023","status":"publish","type":"post","link":"https:\/\/juris.antaq.gov.br\/index.php\/2023\/08\/14\/ementa-ac-392-2023\/","title":{"rendered":"Ementa AC-392-2023"},"content":{"rendered":"<p style=\"text-align: justify;\">EMENTA DE AC\u00d3RD\u00c3O<\/p>\n<p style=\"text-align: justify;\">PEDIDO DE MEDIDA CAUTELAR. AN\u00c1LISE TERMINATIVA DE M\u00c9RITO REALIZADA PELA SETORIAL T\u00c9CNICA ACERCA DE DEN\u00daNCIA RELACIONADA \u00c0 SUPOSTA COBRAN\u00c7A ABUSIVA DE DETENTION. PERDA DE OBJETO DA DEN\u00daNCIA, EM FACE DO CANCELAMENTO DAS NOTAS DE D\u00c9BITOS PELA DENUNCIADA.<\/p>\n<p style=\"text-align: justify;\">Data da Reuni\u00e3o: 07 a 09\/08\/2023 &#8211; Virtual.<br \/>\nN\u00famero da Reuni\u00e3o: 548<br \/>\nN\u00famero do ac\u00f3rd\u00e3o: <a href=\"https:\/\/juris.antaq.gov.br\/index.php\/2023\/08\/14\/ac-392-2023\/\">392-2023<\/a><br \/>\nDiretores presentes: Eduardo Nery (Presidente), Fl\u00e1via Takafashi (Relatora), Lima Filho, Alber Vasconcelos e Caio Farias.<\/p>\n<p style=\"text-align: justify;\">(assinado eletronicamente)<\/p>\n<p style=\"text-align: justify;\">EDUARDO NERY MACHADO FILHO<br \/>\nDiretor-Geral<\/p>\n<p style=\"text-align: justify;\"><a href=\"https:\/\/sophia.antaq.gov.br\/Terminal\/acervo\/detalhe\/34255?guid=1692149859695&amp;returnUrl=%2fTerminal%2fresultado%2flistar%3fguid%3d1692149859695%26quantidadePaginas%3d1%26codigoRegistro%3d34255%2334255&amp;i=19\">Acesso ao Ac\u00f3rd\u00e3o em PDF<\/a><\/p>\n","protected":false},"excerpt":{"rendered":"<p>EMENTA DE AC\u00d3RD\u00c3O PEDIDO DE MEDIDA CAUTELAR. AN\u00c1LISE TERMINATIVA DE M\u00c9RITO REALIZADA PELA SETORIAL T\u00c9CNICA ACERCA DE DEN\u00daNCIA RELACIONADA \u00c0 SUPOSTA COBRAN\u00c7A ABUSIVA DE DETENTION. PERDA DE OBJETO DA DEN\u00daNCIA, EM FACE DO CANCELAMENTO DAS NOTAS DE D\u00c9BITOS PELA DENUNCIADA. Data da Reuni\u00e3o: 07 a 09\/08\/2023 &#8211; Virtual. N\u00famero da Reuni\u00e3o: 548 N\u00famero do ac\u00f3rd\u00e3o:&nbsp;&hellip;<\/p>\n","protected":false},"author":11,"featured_media":0,"comment_status":"open","ping_status":"open","sticky":false,"template":"","format":"standard","meta":[],"categories":[42008],"tags":[43379,43676,5984,39932,36999,3016],"_links":{"self":[{"href":"https:\/\/juris.antaq.gov.br\/index.php\/wp-json\/wp\/v2\/posts\/98390"}],"collection":[{"href":"https:\/\/juris.antaq.gov.br\/index.php\/wp-json\/wp\/v2\/posts"}],"about":[{"href":"https:\/\/juris.antaq.gov.br\/index.php\/wp-json\/wp\/v2\/types\/post"}],"author":[{"embeddable":true,"href":"https:\/\/juris.antaq.gov.br\/index.php\/wp-json\/wp\/v2\/users\/11"}],"replies":[{"embeddable":true,"href":"https:\/\/juris.antaq.gov.br\/index.php\/wp-json\/wp\/v2\/comments?post=98390"}],"version-history":[{"count":2,"href":"https:\/\/juris.antaq.gov.br\/index.php\/wp-json\/wp\/v2\/posts\/98390\/revisions"}],"predecessor-version":[{"id":98392,"href":"https:\/\/juris.antaq.gov.br\/index.php\/wp-json\/wp\/v2\/posts\/98390\/revisions\/98392"}],"wp:attachment":[{"href":"https:\/\/juris.antaq.gov.br\/index.php\/wp-json\/wp\/v2\/media?parent=98390"}],"wp:term":[{"taxonomy":"category","embeddable":true,"href":"https:\/\/juris.antaq.gov.br\/index.php\/wp-json\/wp\/v2\/categories?post=98390"},{"taxonomy":"post_tag","embeddable":true,"href":"https:\/\/juris.antaq.gov.br\/index.php\/wp-json\/wp\/v2\/tags?post=98390"}],"curies":[{"name":"wp","href":"https:\/\/api.w.org\/{rel}","templated":true}]}}