{"id":98895,"date":"2023-09-06T10:48:49","date_gmt":"2023-09-06T13:48:49","guid":{"rendered":"https:\/\/juris.antaq.gov.br\/?p=98895"},"modified":"2023-09-11T10:38:23","modified_gmt":"2023-09-11T13:38:23","slug":"ementa-ac-447-2023","status":"publish","type":"post","link":"https:\/\/juris.antaq.gov.br\/index.php\/2023\/09\/06\/ementa-ac-447-2023\/","title":{"rendered":"Ementa AC-447-2023"},"content":{"rendered":"<p style=\"text-align: justify;\">EMENTA DE AC\u00d3RD\u00c3O<\/p>\n<p style=\"text-align: justify;\">PEDIDO DE AUTORIZA\u00c7\u00c3O PARA APLICA\u00c7\u00c3O DE RECURSOS ORIUNDOS DO ATIVO CIRCULANTE DE ADMINISTRA\u00c7\u00c3O PORTU\u00c1RIA PARA AQUISI\u00c7\u00c3O DE \u00c1REA FORA DOS LIMITES DA \u00c1REA DE PORTO ORGANIZADO E SUAS ADJAC\u00caNCIAS. AUS\u00caNCIA DE LISTA DE OBRAS OU SERVI\u00c7OS A SEREM REALIZADOS EM \u00c1REA EXTERNA OU DE COMPROVA\u00c7\u00c3O DE QUE A REFERIDA AQUISI\u00c7\u00c3O ESTEJA ESPECIFICAMENTE RELACIONADA A A\u00c7\u00d5ES DE COMPENSA\u00c7\u00c3O SOCIOAMBIENTAL OU POL\u00cdTICAS DE RESPONSABILIDADE SOCIOAMBIENTAL. N\u00c3O ENQUADRAMENTO EM SITUA\u00c7\u00c3O DE URG\u00caNCIA OU EMERG\u00caNCIA, COM RISCOS \u00c0 CONTINUIDADE DAS OPERA\u00c7\u00d5ES PORTU\u00c1RIAS REALIZADAS NO PORTO, PASS\u00cdVEL DE RESPALDAR EVENTUAL EXCEPCIONALIDADE NA APLICA\u00c7\u00c3O DAS RECEITAS PORTU\u00c1RIAS. APLICA\u00c7\u00c3O DA RECEITA PORTU\u00c1RIA EXCLUSIVAMENTE NA MANUTEN\u00c7\u00c3O E INVESTIMENTO NO PORTO, CONFORME ESTABELECIDO PELO CONV\u00caNIO DE DELEGA\u00c7\u00c3O. INDEFERIMENTO.<\/p>\n<p style=\"text-align: justify;\">Data da Reuni\u00e3o: 31\/08\/2023 &#8211; Telepresencial.<br \/>\nN\u00famero da Reuni\u00e3o: 549<br \/>\nN\u00famero do ac\u00f3rd\u00e3o: <a href=\"https:\/\/juris.antaq.gov.br\/index.php\/2023\/09\/06\/ac-447-2023\/\">447-2023<\/a><br \/>\nDiretores presentes: Eduardo Nery (Presidente), Fl\u00e1via Takafashi, Lima Filho (Relator), Alber Vasconcelos e Caio Farias.<\/p>\n<p style=\"text-align: justify;\">(assinado eletronicamente)<\/p>\n<p style=\"text-align: justify;\">EDUARDO NERY MACHADO FILHO<br \/>\nDiretor-Geral<\/p>\n<p style=\"text-align: justify;\"><a href=\"https:\/\/sophia.antaq.gov.br\/Terminal\/acervo\/detalhe\/34425?guid=1694197799609&amp;returnUrl=%2fTerminal%2fresultado%2flistar%3fguid%3d1694197799609%26quantidadePaginas%3d1%26codigoRegistro%3d34425%2334425&amp;i=8\">Acesso ao Ac\u00f3rd\u00e3o em PDF<\/a><\/p>\n","protected":false},"excerpt":{"rendered":"<p>EMENTA DE AC\u00d3RD\u00c3O PEDIDO DE AUTORIZA\u00c7\u00c3O PARA APLICA\u00c7\u00c3O DE RECURSOS ORIUNDOS DO ATIVO CIRCULANTE DE ADMINISTRA\u00c7\u00c3O PORTU\u00c1RIA PARA AQUISI\u00c7\u00c3O DE \u00c1REA FORA DOS LIMITES DA \u00c1REA DE PORTO ORGANIZADO E SUAS ADJAC\u00caNCIAS. AUS\u00caNCIA DE LISTA DE OBRAS OU SERVI\u00c7OS A SEREM REALIZADOS EM \u00c1REA EXTERNA OU DE COMPROVA\u00c7\u00c3O DE QUE A REFERIDA AQUISI\u00c7\u00c3O ESTEJA ESPECIFICAMENTE&nbsp;&hellip;<\/p>\n","protected":false},"author":11,"featured_media":0,"comment_status":"open","ping_status":"open","sticky":false,"template":"","format":"standard","meta":[],"categories":[42008],"tags":[43739,43769,3869,42150],"_links":{"self":[{"href":"https:\/\/juris.antaq.gov.br\/index.php\/wp-json\/wp\/v2\/posts\/98895"}],"collection":[{"href":"https:\/\/juris.antaq.gov.br\/index.php\/wp-json\/wp\/v2\/posts"}],"about":[{"href":"https:\/\/juris.antaq.gov.br\/index.php\/wp-json\/wp\/v2\/types\/post"}],"author":[{"embeddable":true,"href":"https:\/\/juris.antaq.gov.br\/index.php\/wp-json\/wp\/v2\/users\/11"}],"replies":[{"embeddable":true,"href":"https:\/\/juris.antaq.gov.br\/index.php\/wp-json\/wp\/v2\/comments?post=98895"}],"version-history":[{"count":5,"href":"https:\/\/juris.antaq.gov.br\/index.php\/wp-json\/wp\/v2\/posts\/98895\/revisions"}],"predecessor-version":[{"id":99090,"href":"https:\/\/juris.antaq.gov.br\/index.php\/wp-json\/wp\/v2\/posts\/98895\/revisions\/99090"}],"wp:attachment":[{"href":"https:\/\/juris.antaq.gov.br\/index.php\/wp-json\/wp\/v2\/media?parent=98895"}],"wp:term":[{"taxonomy":"category","embeddable":true,"href":"https:\/\/juris.antaq.gov.br\/index.php\/wp-json\/wp\/v2\/categories?post=98895"},{"taxonomy":"post_tag","embeddable":true,"href":"https:\/\/juris.antaq.gov.br\/index.php\/wp-json\/wp\/v2\/tags?post=98895"}],"curies":[{"name":"wp","href":"https:\/\/api.w.org\/{rel}","templated":true}]}}