{"id":99848,"date":"2023-10-06T15:32:49","date_gmt":"2023-10-06T18:32:49","guid":{"rendered":"https:\/\/juris.antaq.gov.br\/?p=99848"},"modified":"2023-10-16T17:40:56","modified_gmt":"2023-10-16T20:40:56","slug":"ementa-ac-530-2023","status":"publish","type":"post","link":"https:\/\/juris.antaq.gov.br\/index.php\/2023\/10\/06\/ementa-ac-530-2023\/","title":{"rendered":"Ementa AC-530-2023"},"content":{"rendered":"<p style=\"text-align: justify;\">EMENTA DE AC\u00d3RD\u00c3O<\/p>\n<p style=\"text-align: justify;\">ALTERA\u00c7\u00c3O DE DATAS DE REUNI\u00d5ES ORDIN\u00c1RIAS DA DIRETORIA COLEGIADA. APROVA\u00c7\u00c3O.<\/p>\n<p style=\"text-align: justify;\">Data da Reuni\u00e3o: 02 a 04\/10\/2023 &#8211; Virtual.<br \/>\nN\u00famero da Reuni\u00e3o: 552<br \/>\nN\u00famero do ac\u00f3rd\u00e3o: <a href=\"https:\/\/juris.antaq.gov.br\/index.php\/2023\/10\/06\/ac-530-2023\/\">530-2023<\/a><br \/>\nDiretores presentes: Eduardo Nery (Presidente e Relator), Fl\u00e1via Takafashi, Lima Filho, Alber Vasconcelos e Caio Farias.<\/p>\n<p style=\"text-align: justify;\">(assinado eletronicamente)<\/p>\n<p style=\"text-align: justify;\">EDUARDO NERY MACHADO FILHO<br \/>\nDiretor-Geral<\/p>\n<p style=\"text-align: justify;\"><a href=\"https:\/\/sophia.antaq.gov.br\/Terminal\/acervo\/detalhe\/34656?guid=1696617036457&amp;returnUrl=%2fTerminal%2fresultado%2flistar%3fguid%3d1696617036457%26quantidadePaginas%3d1%26codigoRegistro%3d34656%2334656&amp;i=20\">Acesso ao Ac\u00f3rd\u00e3o em PDF<\/a><\/p>\n","protected":false},"excerpt":{"rendered":"<p>EMENTA DE AC\u00d3RD\u00c3O ALTERA\u00c7\u00c3O DE DATAS DE REUNI\u00d5ES ORDIN\u00c1RIAS DA DIRETORIA COLEGIADA. APROVA\u00c7\u00c3O. Data da Reuni\u00e3o: 02 a 04\/10\/2023 &#8211; Virtual. N\u00famero da Reuni\u00e3o: 552 N\u00famero do ac\u00f3rd\u00e3o: 530-2023 Diretores presentes: Eduardo Nery (Presidente e Relator), Fl\u00e1via Takafashi, Lima Filho, Alber Vasconcelos e Caio Farias. (assinado eletronicamente) EDUARDO NERY MACHADO FILHO Diretor-Geral Acesso ao Ac\u00f3rd\u00e3o&nbsp;&hellip;<\/p>\n","protected":false},"author":11,"featured_media":0,"comment_status":"open","ping_status":"open","sticky":false,"template":"","format":"standard","meta":[],"categories":[42008],"tags":[44002,44015,17236],"_links":{"self":[{"href":"https:\/\/juris.antaq.gov.br\/index.php\/wp-json\/wp\/v2\/posts\/99848"}],"collection":[{"href":"https:\/\/juris.antaq.gov.br\/index.php\/wp-json\/wp\/v2\/posts"}],"about":[{"href":"https:\/\/juris.antaq.gov.br\/index.php\/wp-json\/wp\/v2\/types\/post"}],"author":[{"embeddable":true,"href":"https:\/\/juris.antaq.gov.br\/index.php\/wp-json\/wp\/v2\/users\/11"}],"replies":[{"embeddable":true,"href":"https:\/\/juris.antaq.gov.br\/index.php\/wp-json\/wp\/v2\/comments?post=99848"}],"version-history":[{"count":2,"href":"https:\/\/juris.antaq.gov.br\/index.php\/wp-json\/wp\/v2\/posts\/99848\/revisions"}],"predecessor-version":[{"id":100020,"href":"https:\/\/juris.antaq.gov.br\/index.php\/wp-json\/wp\/v2\/posts\/99848\/revisions\/100020"}],"wp:attachment":[{"href":"https:\/\/juris.antaq.gov.br\/index.php\/wp-json\/wp\/v2\/media?parent=99848"}],"wp:term":[{"taxonomy":"category","embeddable":true,"href":"https:\/\/juris.antaq.gov.br\/index.php\/wp-json\/wp\/v2\/categories?post=99848"},{"taxonomy":"post_tag","embeddable":true,"href":"https:\/\/juris.antaq.gov.br\/index.php\/wp-json\/wp\/v2\/tags?post=99848"}],"curies":[{"name":"wp","href":"https:\/\/api.w.org\/{rel}","templated":true}]}}